{"id":266146,"date":"2019-05-15T17:00:31","date_gmt":"2019-05-15T15:00:31","guid":{"rendered":"http:\/\/www.pcnen.com\/portal\/?p=266146"},"modified":"2019-05-15T17:00:31","modified_gmt":"2019-05-15T15:00:31","slug":"dan-milion-i-po-reketa-za-dps","status":"publish","type":"post","link":"https:\/\/www.pcnen.com\/portal\/2019\/05\/15\/dan-milion-i-po-reketa-za-dps\/","title":{"rendered":"Dan: Milion i po reketa za DPS"},"content":{"rendered":"<p><img loading=\"lazy\" decoding=\"async\" class=\"alignright size-full wp-image-59125\" src=\"http:\/\/www.pcnen.com\/portal\/wp-content\/uploads\/2011\/08\/DPS1.jpg\" alt=\"\" width=\"285\" height=\"196\" \/>Nekada\u0161nji funkcioner Demokratske partije socijalista (DPS) iz Budve \u0110or\u0111ije Pinjati\u0107 je u ljeto 2012. godine razradio plan da dio novca od prodaje dr\u017eavne imovine ruskom biznismenu bude upla\u0107en za kampanju vladaju\u0107e stranke preko ra\u010duna of\u0161or firmi u Luksemburgu, \u0160vajcarskoj i na Kipru. O tome svjedo\u010di audio-snimak Pinjati\u0107evog razgovora sa biznismenima Dejanom Kaved\u017ei\u0107em i Darkom Lakovi\u0107em, koji podgori\u010dki dnevnik Dan <a href=\"https:\/\/www.dan.co.me\/?nivo=3&amp;rubrika=Vijest%20dana&amp;clanak=696177&amp;datum=2019-05-15\">objavljuje u dana\u0161njem izdanju.<\/a><\/p>\n<p>Kako se mo\u017ee \u010duti na audio snimku, planirano je da Pinjati\u0107 usmjeri ruskog biznismena da dio novca koji treba da plati za kupovinu atraktivne parcele u Budvi uplati na ra\u010dun Op\u0161tine, a dio (milion i po eura) na ra\u010dune of\u0161or firmi radi finansiranja izborne kampanje DPS-a i nosioca izborne liste te partije na izborima u Budvi 2012. Lazara Ra\u0111enovi\u0107a.<\/p>\n<p>Pinjati\u0107, koji je nekada bio direktor budvanskog Vodovoda i osu\u0111en u slu\u010daju &#8216;Zavala&#8217;, je u jednom ranijem razgovoru za Dan kazao da je razo\u010daran u DPS i da strahuje za svoju bezbjednost.<\/p>\n<p>Pinjati\u0107 je prije godinu dana gostovao u<a href=\"https:\/\/www.youtube.com\/watch?v=tL-lE7Ffh9M\"> emisiji TV Vijesti &#8216;Na\u010disto&#8217;<\/a> i govorio o aferama u Budvi, u koje je i sam bio upleten.<\/p>\n","protected":false},"excerpt":{"rendered":"<p>Nekada\u0161nji funkcioner Demokratske partije socijalista (DPS) iz Budve \u0110or\u0111ije Pinjati\u0107 je u ljeto 2012. godine razradio plan da dio novca od prodaje dr\u017eavne imovine ruskom biznismenu bude upla\u0107en za kampanju vladaju\u0107e stranke preko ra\u010duna of\u0161or firmi u Luksemburgu, \u0160vajcarskoj i na Kipru. O tome svjedo\u010di audio-snimak Pinjati\u0107evog razgovora sa biznismenima Dejanom Kaved\u017ei\u0107em i Darkom Lakovi\u0107em, [&hellip;]<\/p>\n","protected":false},"author":1,"featured_media":0,"comment_status":"open","ping_status":"closed","sticky":false,"template":"","format":"standard","meta":{"_seopress_robots_primary_cat":"","_seopress_titles_title":"","_seopress_titles_desc":"","_seopress_robots_index":"","_et_pb_use_builder":"","_et_pb_old_content":"","_et_gb_content_width":"","inline_featured_image":false,"footnotes":""},"categories":[14,12],"tags":[],"class_list":["post-266146","post","type-post","status-publish","format-standard","hentry","category-vijesti","category-prica-dana"],"_links":{"self":[{"href":"https:\/\/www.pcnen.com\/portal\/wp-json\/wp\/v2\/posts\/266146","targetHints":{"allow":["GET"]}}],"collection":[{"href":"https:\/\/www.pcnen.com\/portal\/wp-json\/wp\/v2\/posts"}],"about":[{"href":"https:\/\/www.pcnen.com\/portal\/wp-json\/wp\/v2\/types\/post"}],"author":[{"embeddable":true,"href":"https:\/\/www.pcnen.com\/portal\/wp-json\/wp\/v2\/users\/1"}],"replies":[{"embeddable":true,"href":"https:\/\/www.pcnen.com\/portal\/wp-json\/wp\/v2\/comments?post=266146"}],"version-history":[{"count":0,"href":"https:\/\/www.pcnen.com\/portal\/wp-json\/wp\/v2\/posts\/266146\/revisions"}],"wp:attachment":[{"href":"https:\/\/www.pcnen.com\/portal\/wp-json\/wp\/v2\/media?parent=266146"}],"wp:term":[{"taxonomy":"category","embeddable":true,"href":"https:\/\/www.pcnen.com\/portal\/wp-json\/wp\/v2\/categories?post=266146"},{"taxonomy":"post_tag","embeddable":true,"href":"https:\/\/www.pcnen.com\/portal\/wp-json\/wp\/v2\/tags?post=266146"}],"curies":[{"name":"wp","href":"https:\/\/api.w.org\/{rel}","templated":true}]}}