{"id":266133,"date":"2019-05-15T14:43:24","date_gmt":"2019-05-15T12:43:24","guid":{"rendered":"http:\/\/www.pcnen.com\/portal\/?p=266133"},"modified":"2019-05-15T14:48:52","modified_gmt":"2019-05-15T12:48:52","slug":"zahtjev-parlamentu-uvesti-trajni-moratorijum-na-izgradnju-malih-hidroelektrana","status":"publish","type":"post","link":"https:\/\/www.pcnen.com\/portal\/2019\/05\/15\/zahtjev-parlamentu-uvesti-trajni-moratorijum-na-izgradnju-malih-hidroelektrana\/","title":{"rendered":"Zahtjev parlamentu: Uvesti trajni moratorijum na izgradnju malih hidroelektrana"},"content":{"rendered":"<p><img loading=\"lazy\" decoding=\"async\" class=\"size-medium wp-image-266134 alignleft\" src=\"http:\/\/www.pcnen.com\/portal\/wp-content\/uploads\/2019\/05\/Stop-minihidroelektranam-298x300.jpg\" alt=\"\" width=\"298\" height=\"300\" srcset=\"https:\/\/www.pcnen.com\/portal\/wp-content\/uploads\/2019\/05\/Stop-minihidroelektranam-298x300.jpg 298w, https:\/\/www.pcnen.com\/portal\/wp-content\/uploads\/2019\/05\/Stop-minihidroelektranam-150x150.jpg 150w, https:\/\/www.pcnen.com\/portal\/wp-content\/uploads\/2019\/05\/Stop-minihidroelektranam-144x144.jpg 144w, https:\/\/www.pcnen.com\/portal\/wp-content\/uploads\/2019\/05\/Stop-minihidroelektranam-50x50.jpg 50w, https:\/\/www.pcnen.com\/portal\/wp-content\/uploads\/2019\/05\/Stop-minihidroelektranam-235x237.jpg 235w, https:\/\/www.pcnen.com\/portal\/wp-content\/uploads\/2019\/05\/Stop-minihidroelektranam-75x76.jpg 75w, https:\/\/www.pcnen.com\/portal\/wp-content\/uploads\/2019\/05\/Stop-minihidroelektranam-350x353.jpg 350w, https:\/\/www.pcnen.com\/portal\/wp-content\/uploads\/2019\/05\/Stop-minihidroelektranam-70x70.jpg 70w, https:\/\/www.pcnen.com\/portal\/wp-content\/uploads\/2019\/05\/Stop-minihidroelektranam-220x222.jpg 220w, https:\/\/www.pcnen.com\/portal\/wp-content\/uploads\/2019\/05\/Stop-minihidroelektranam.jpg 400w\" sizes=\"(max-width: 298px) 100vw, 298px\" \/>Nevladina organizacija Green Home je predala danas Skup\u0161tini Crne Gore <a href=\"https:\/\/www.change.org\/p\/skup%C5%A1tina-crne-gore-peticija-skup%C5%A1tini-crne-gore-za-uvo%C4%91enje-trajnog-moratorijuma-na-izgradnju-mhe?recruiter=885731202&amp;utm_source=share_petition&amp;utm_medium=copylink&amp;utm_campaign=share_petition&amp;utm_term=psf_combo_share_initial.pacific_post_sap_share_gmail_abi.gmail_abi&amp;use_react=false\">peticiju<\/a> kojom se tra\u017ei uvo\u0111enje trajnog moratorijuma na izgradnju malih hidroelektrana u Crnoj Gori.<\/p>\n<p>Peticijom se od zakonodavne vlasti zahtijeva da:<\/p>\n<p>\u2022 Pokrene raspravu i zatra\u017ei trajni moratorijum na izgradnju malih hidroelektrana u Crnoj Gori;<br \/>\n\u2022 Zaustavi dalje davanje energetskih dozvola po osnovu ve\u0107 podnijetih zahtjeva dok se ne sprovede Strate\u0161ka procjene uticaja na \u017eivotnu sredinu kumulativnih uticaja svih odobrenih projekata mHE imaju\u0107i u vidu brojne nau\u010dne studije u kojima se navodi da je kumulativni uticaj multiplih malih elektrana (ili akumulacija) veliki (March i sar., 2003; Odom, 2010) ;<br \/>\n\u2022 Pokrene pravosudni postupak protiv odgovornog-ovla\u0161\u0107enog lica u nadle\u017enoj instituciji zbog kr\u0161enja Zakona o SPU, odnosno ne sprovo\u0111enja obaveznog procesa izrade Strate\u0161ke procjene uticaja na \u017eivotnu sredinu za Plan za kori\u0161\u0107enje vodotoka za izgradnju malih hidroelektrana u Crnoj Gori za 2016. godinu;<br \/>\n\u2022 Pokrene pravosudni postupak protiv odgovornog-ovla\u0161\u0107enog lica u nadle\u017enoj instituciji zbog kr\u0161enja Zakona o koncesijama, odnosno ne sprovo\u0111enja obaveznog proces izrade Plana davanja koncesija za kori\u0161\u0107enje vodotoka za izgradnju malih hidroelektrana u Crnoj Gori za period prije 2015\/2016, kada je dodijeljen najve\u0107i broj koncesija.<\/p>\n<p>Povodom predaje peticije odr\u017eana je i konferencija za novinare na kojoj su govorili predstavnici Green Homa, Odbora za za\u0161titu Bukovice, mjesne zajednice Vinicka, NVO Sa\u010duvajmo rijeku Komara\u010du i Odbora za za\u0161titu rijeke Lje\u0161tanice.<\/p>\n","protected":false},"excerpt":{"rendered":"<p>Nevladina organizacija Green Home je predala danas Skup\u0161tini Crne Gore peticiju kojom se tra\u017ei uvo\u0111enje trajnog moratorijuma na izgradnju malih hidroelektrana u Crnoj Gori. Peticijom se od zakonodavne vlasti zahtijeva da: \u2022 Pokrene raspravu i zatra\u017ei trajni moratorijum na izgradnju malih hidroelektrana u Crnoj Gori; \u2022 Zaustavi dalje davanje energetskih dozvola po osnovu ve\u0107 podnijetih [&hellip;]<\/p>\n","protected":false},"author":1,"featured_media":266134,"comment_status":"open","ping_status":"closed","sticky":false,"template":"","format":"standard","meta":{"_seopress_robots_primary_cat":"","_seopress_titles_title":"","_seopress_titles_desc":"","_seopress_robots_index":"","_et_pb_use_builder":"","_et_pb_old_content":"","_et_gb_content_width":"","inline_featured_image":false,"footnotes":""},"categories":[14,12],"tags":[],"class_list":["post-266133","post","type-post","status-publish","format-standard","has-post-thumbnail","hentry","category-vijesti","category-prica-dana"],"_links":{"self":[{"href":"https:\/\/www.pcnen.com\/portal\/wp-json\/wp\/v2\/posts\/266133","targetHints":{"allow":["GET"]}}],"collection":[{"href":"https:\/\/www.pcnen.com\/portal\/wp-json\/wp\/v2\/posts"}],"about":[{"href":"https:\/\/www.pcnen.com\/portal\/wp-json\/wp\/v2\/types\/post"}],"author":[{"embeddable":true,"href":"https:\/\/www.pcnen.com\/portal\/wp-json\/wp\/v2\/users\/1"}],"replies":[{"embeddable":true,"href":"https:\/\/www.pcnen.com\/portal\/wp-json\/wp\/v2\/comments?post=266133"}],"version-history":[{"count":0,"href":"https:\/\/www.pcnen.com\/portal\/wp-json\/wp\/v2\/posts\/266133\/revisions"}],"wp:featuredmedia":[{"embeddable":true,"href":"https:\/\/www.pcnen.com\/portal\/wp-json\/wp\/v2\/media\/266134"}],"wp:attachment":[{"href":"https:\/\/www.pcnen.com\/portal\/wp-json\/wp\/v2\/media?parent=266133"}],"wp:term":[{"taxonomy":"category","embeddable":true,"href":"https:\/\/www.pcnen.com\/portal\/wp-json\/wp\/v2\/categories?post=266133"},{"taxonomy":"post_tag","embeddable":true,"href":"https:\/\/www.pcnen.com\/portal\/wp-json\/wp\/v2\/tags?post=266133"}],"curies":[{"name":"wp","href":"https:\/\/api.w.org\/{rel}","templated":true}]}}