{"id":266070,"date":"2019-05-15T12:42:41","date_gmt":"2019-05-15T10:42:41","guid":{"rendered":"http:\/\/www.pcnen.com\/portal\/?p=266070"},"modified":"2019-05-15T14:54:21","modified_gmt":"2019-05-15T12:54:21","slug":"mjestani-ustali-da-brane-bukovicu","status":"publish","type":"post","link":"https:\/\/www.pcnen.com\/portal\/2019\/05\/15\/mjestani-ustali-da-brane-bukovicu\/","title":{"rendered":"Mje\u0161tani ustali da brane Bukovicu"},"content":{"rendered":"<p><img loading=\"lazy\" decoding=\"async\" class=\"alignright size-medium wp-image-241258\" src=\"http:\/\/www.pcnen.com\/portal\/wp-content\/uploads\/2018\/02\/Bukovica-rijeka-300x227.jpg\" alt=\"\" width=\"300\" height=\"227\" \/><\/p>\n<p>Mje\u0161tani sela koja gravitiraju rijeci Bukovici su se okupili jutros i stali ispred ma\u0161ina kako bi sprije\u010dili pripremne radove za gradnju mini hidroelektrana &#8216;Bukovica 1&#8217; i &#8216;Bukovica 2&#8217;, javlja portal Vijesti.<\/p>\n<p>Gradnji mini hidroelektrana na Bukovici protive se mje\u0161tani, a podr\u0161ku im daju brojna nevladina ekolo\u0161ka udru\u017eenja.<\/p>\n<p>Mje\u0161tani su, nakon dana\u0161njeg protesta, najavili da \u0107e postaviti stra\u017eu, a za subotu u podne su najavili veliki protestni skup.<\/p>\n<p>Ju\u010de je po\u010dela gradnja pristupnih puteva, \u010dime je najavljeno da investitori ne odustaju od projekta mini-hidroelektrane na rijeci Bukovici, uprkos protivljenju mje\u0161tana.<\/p>\n<p>Na po\u010detak radova skrenuta je pa\u017enja na <a href=\"https:\/\/www.facebook.com\/groups\/1595878313983509\/\">FB stranici 3D (Durmitor, Dosada, Dobro\u010dinluk)<\/a>, gdje je objavljen kratak video.<\/p>\n<p>\u201cJu\u010de su po onoj ki\u0161i do\u0161li pa smo se tek organizovali a gore nam je malo ljudi. Sjutra se okupljamo&#8230;\u201c, poru\u010dio je Mihailo Bucko Bulstovi\u0107.<\/p>\n<p>Prema neprovjerenim informacijama, ma\u0161ine su, bez dozvole, u\u0161le u privatni posjed.<\/p>\n<p>&#8220;Po\u0161tovani prijatelji, uprkos protivljenju mje\u0161tana i svih ljubitelja prirode, jutros su krenuli put na\u0161e rijeke Bukovice&#8230; Kao \u0161to smo i najavljivali, ne\u0107emo dozvoliti njeno uni\u0161tavanje i devastaciju, i u skladu sa tim, svi ljudi dobre volje neka nam se pridru\u017ee sjutra ujutru u 9h kod Bukova u Donjoj Bukovici, kako bi im jo\u0161 jednom poru\u010dili da ne diraju na\u0161u rijeku!!!&#8221;, <a href=\"https:\/\/www.facebook.com\/NVO-Ekolo%C5%A1ki-Pokret-Donja-Bukovica-251352465798059\/?__tn__=kC-R&amp;eid=ARARKyWZuJ3_g3OJ0cVT4K_ARfDCfAEJOErvASgjRoFXPi2BPJ34BF3nyfi4hS6qVmZfUtbxaBsJ9bMI&amp;hc_ref=ARQrzNkvHkrqyCDHuCzL45ZJ_T8jDKsJodjsn16w2O16SWvvhdu-BhoTmz_HyrJFVnA&amp;fref=nf&amp;__xts__[0]=68.ARBraPLk1lzOxR3xUcRz2dmAZc9BAydRqjNoyWKe8FRBD6W3kK2sEpLpfnFz_9V7AZPm8QcBWUpu6QaweUiUTPBlWPO8V-wDS9H1c2s3P_o8qK9dFp8l01cXbGudoo1DidWJIDfdtNtbgCP7XUs1owBlIvNpVrYVmPsbQYWmWXsddcM1p3VUtbqErOhCu4t-1P-UCjKwWHc5Ax1VehJNao0MIQ9s7kqDit23AaSf_ODfWnvJndc23uqoCAVcPnMO1wseQuwCMpE8F1jeIOvKsThUxSLlY-YJkbUgWjH-r7eLEAvFz-MMBII5WfzJvwUG5DlkhP-GoPizel8PudPcDLI\">poru\u010dili su iz NVO Ekolo\u0161ki pokret Donja Bukovica.<\/a><\/p>\n<p>Koncesiju na vode Bukovice na 27 godina dobila je firma Hydra MNE, \u010diji su vlasnici Milovan Maksimovi\u0107, brat od ujaka predsjednika Crne Gore Mila \u0110ukanovi\u0107a, i Jovan Gordijan.<\/p>\n<p>Bukovica izvire ispod planine Durmitor, na koti 1350 metara nadmorske visine. Du\u017eina rijeke je 42 km i pripada crnomorskom slivu.<\/p>\n<div id=\"attachment_245829\" style=\"width: 310px\" class=\"wp-caption alignleft\"><img loading=\"lazy\" decoding=\"async\" aria-describedby=\"caption-attachment-245829\" class=\"size-medium wp-image-245829\" src=\"http:\/\/www.pcnen.com\/portal\/wp-content\/uploads\/2018\/05\/odbrana-bukovice-300x220.jpg\" alt=\"\" width=\"300\" height=\"220\" \/><p id=\"caption-attachment-245829\" class=\"wp-caption-text\">Arhivski snimak: &#8216;Ni fla\u0161u vode vam ne damo&#8217;, poru\u010deno investitorima u mini -hidroelektrane<\/p><\/div>\n<p>Rijeka Bukovica je sastavni dio jednog od devet klju\u010dnih podru\u010dja za biodiverzitet na projektu za uspostavljanje evropske ekolo\u0161ke mre\u017ee NATURA 2000 u Crnoj Gori. Ona cijelim tokom pripada kategoriji predvi\u0111enoj Habitat direktivom Evropske unije, i to \u010dlanovima Annex-a I, II i V.<\/p>\n<p><a href=\"http:\/\/co-seed.eu\/index.php\/me\/press\/javna-rasprava-o-ocjeni-elaborata-o-procjeni-uticaja-na-zivotnu-sredinu-izgradnje-mhe-bukovica-1-i-2\/383\">Rijeka Bukovica je stani\u0161te steno-endemske vrste Rhithrogena marinkovici (Steno-endem zna\u010di da se, na cijeloj planeti, samo na tom mjestu nalazi data vrsta).<\/a><\/p>\n","protected":false},"excerpt":{"rendered":"<p>Mje\u0161tani su, nakon dana\u0161njeg protesta, najavili da \u0107e postaviti stra\u017eu, a za subotu u podne su najavili veliki protestni skup<\/p>\n","protected":false},"author":1,"featured_media":0,"comment_status":"open","ping_status":"closed","sticky":false,"template":"","format":"standard","meta":{"_seopress_robots_primary_cat":"","_seopress_titles_title":"","_seopress_titles_desc":"","_seopress_robots_index":"","_et_pb_use_builder":"","_et_pb_old_content":"","_et_gb_content_width":"","inline_featured_image":false,"footnotes":""},"categories":[14,12],"tags":[],"class_list":["post-266070","post","type-post","status-publish","format-standard","hentry","category-vijesti","category-prica-dana"],"_links":{"self":[{"href":"https:\/\/www.pcnen.com\/portal\/wp-json\/wp\/v2\/posts\/266070","targetHints":{"allow":["GET"]}}],"collection":[{"href":"https:\/\/www.pcnen.com\/portal\/wp-json\/wp\/v2\/posts"}],"about":[{"href":"https:\/\/www.pcnen.com\/portal\/wp-json\/wp\/v2\/types\/post"}],"author":[{"embeddable":true,"href":"https:\/\/www.pcnen.com\/portal\/wp-json\/wp\/v2\/users\/1"}],"replies":[{"embeddable":true,"href":"https:\/\/www.pcnen.com\/portal\/wp-json\/wp\/v2\/comments?post=266070"}],"version-history":[{"count":0,"href":"https:\/\/www.pcnen.com\/portal\/wp-json\/wp\/v2\/posts\/266070\/revisions"}],"wp:attachment":[{"href":"https:\/\/www.pcnen.com\/portal\/wp-json\/wp\/v2\/media?parent=266070"}],"wp:term":[{"taxonomy":"category","embeddable":true,"href":"https:\/\/www.pcnen.com\/portal\/wp-json\/wp\/v2\/categories?post=266070"},{"taxonomy":"post_tag","embeddable":true,"href":"https:\/\/www.pcnen.com\/portal\/wp-json\/wp\/v2\/tags?post=266070"}],"curies":[{"name":"wp","href":"https:\/\/api.w.org\/{rel}","templated":true}]}}