{"id":266015,"date":"2019-05-13T12:45:10","date_gmt":"2019-05-13T10:45:10","guid":{"rendered":"http:\/\/www.pcnen.com\/portal\/?p=266015"},"modified":"2019-05-13T13:11:39","modified_gmt":"2019-05-13T11:11:39","slug":"odupri-se-pozvan-u-brisel","status":"publish","type":"post","link":"https:\/\/www.pcnen.com\/portal\/2019\/05\/13\/odupri-se-pozvan-u-brisel\/","title":{"rendered":"&#8216;Odupri se&#8217; pozvan u Brisel"},"content":{"rendered":"<p><img loading=\"lazy\" decoding=\"async\" class=\"alignright size-medium wp-image-264584\" src=\"http:\/\/www.pcnen.com\/portal\/wp-content\/uploads\/2019\/04\/odupri-se-300x91.jpg\" alt=\"\" width=\"300\" height=\"91\" srcset=\"https:\/\/www.pcnen.com\/portal\/wp-content\/uploads\/2019\/04\/odupri-se-300x91.jpg 300w, https:\/\/www.pcnen.com\/portal\/wp-content\/uploads\/2019\/04\/odupri-se-235x71.jpg 235w, https:\/\/www.pcnen.com\/portal\/wp-content\/uploads\/2019\/04\/odupri-se-75x23.jpg 75w, https:\/\/www.pcnen.com\/portal\/wp-content\/uploads\/2019\/04\/odupri-se-350x106.jpg 350w, https:\/\/www.pcnen.com\/portal\/wp-content\/uploads\/2019\/04\/odupri-se-220x67.jpg 220w, https:\/\/www.pcnen.com\/portal\/wp-content\/uploads\/2019\/04\/odupri-se.jpg 400w\" sizes=\"(max-width: 300px) 100vw, 300px\" \/>TV Vijesti su objavile da \u0107e delegacija gra\u0111anskog pokreta &#8216;Odupri se&#8217; od 14. do 18. maja boraviti u Briselu, ali nije objavljeno na \u010diji poziv i ko \u0107e biti u delegaciji.<\/p>\n<p>TV Vijesti su kao izvor informacije navele D\u017eemala Perovi\u0107a, jednog od \u010dlanova Organizacionog tima protesta pod zajedni\u010dkim nazivom &#8216;Odupri se&#8217;.<\/p>\n<p>Pokret &#8216;Odupri se&#8217; je nastao spontano i du\u017ee od dva mjeseca organizuje masovne proteste u Podgorici, koji su, za sada, rezultirali <a href=\"http:\/\/www.pcnen.com\/portal\/2019\/03\/30\/potpisan-sporazum-o-buducnosti\/\">usvajanjem sporazuma<\/a> o daljem djelovanju opozicije, koji su potpisali svi opozicioni poslanici aktuelnog saziva crnogorskog parlamenta i predstavnika pokreta &#8216;Odupri se&#8217;.<\/p>\n","protected":false},"excerpt":{"rendered":"<p>TV Vijesti su objavile da \u0107e delegacija gra\u0111anskog pokreta &#8216;Odupri se&#8217; od 14. do 18. maja boraviti u Briselu, ali nije objavljeno na \u010diji poziv i ko \u0107e biti u delegaciji. TV Vijesti su kao izvor informacije navele D\u017eemala Perovi\u0107a, jednog od \u010dlanova Organizacionog tima protesta pod zajedni\u010dkim nazivom &#8216;Odupri se&#8217;. Pokret &#8216;Odupri se&#8217; je [&hellip;]<\/p>\n","protected":false},"author":1,"featured_media":264584,"comment_status":"open","ping_status":"closed","sticky":false,"template":"","format":"standard","meta":{"_seopress_robots_primary_cat":"","_seopress_titles_title":"","_seopress_titles_desc":"","_seopress_robots_index":"","_et_pb_use_builder":"","_et_pb_old_content":"","_et_gb_content_width":"","inline_featured_image":false,"footnotes":""},"categories":[14,12],"tags":[],"class_list":["post-266015","post","type-post","status-publish","format-standard","has-post-thumbnail","hentry","category-vijesti","category-prica-dana"],"_links":{"self":[{"href":"https:\/\/www.pcnen.com\/portal\/wp-json\/wp\/v2\/posts\/266015","targetHints":{"allow":["GET"]}}],"collection":[{"href":"https:\/\/www.pcnen.com\/portal\/wp-json\/wp\/v2\/posts"}],"about":[{"href":"https:\/\/www.pcnen.com\/portal\/wp-json\/wp\/v2\/types\/post"}],"author":[{"embeddable":true,"href":"https:\/\/www.pcnen.com\/portal\/wp-json\/wp\/v2\/users\/1"}],"replies":[{"embeddable":true,"href":"https:\/\/www.pcnen.com\/portal\/wp-json\/wp\/v2\/comments?post=266015"}],"version-history":[{"count":0,"href":"https:\/\/www.pcnen.com\/portal\/wp-json\/wp\/v2\/posts\/266015\/revisions"}],"wp:featuredmedia":[{"embeddable":true,"href":"https:\/\/www.pcnen.com\/portal\/wp-json\/wp\/v2\/media\/264584"}],"wp:attachment":[{"href":"https:\/\/www.pcnen.com\/portal\/wp-json\/wp\/v2\/media?parent=266015"}],"wp:term":[{"taxonomy":"category","embeddable":true,"href":"https:\/\/www.pcnen.com\/portal\/wp-json\/wp\/v2\/categories?post=266015"},{"taxonomy":"post_tag","embeddable":true,"href":"https:\/\/www.pcnen.com\/portal\/wp-json\/wp\/v2\/tags?post=266015"}],"curies":[{"name":"wp","href":"https:\/\/api.w.org\/{rel}","templated":true}]}}