{"id":266001,"date":"2019-05-13T11:34:53","date_gmt":"2019-05-13T09:34:53","guid":{"rendered":"http:\/\/www.pcnen.com\/portal\/?p=266001"},"modified":"2019-05-13T12:33:37","modified_gmt":"2019-05-13T10:33:37","slug":"knezevic-pisao-ambasadorki-sad-u-cg","status":"publish","type":"post","link":"https:\/\/www.pcnen.com\/portal\/2019\/05\/13\/knezevic-pisao-ambasadorki-sad-u-cg\/","title":{"rendered":"Kne\u017eevi\u0107 pisao ambasadorki SAD u CG"},"content":{"rendered":"<p><img loading=\"lazy\" decoding=\"async\" class=\"alignright size-medium wp-image-190908\" src=\"http:\/\/www.pcnen.com\/portal\/wp-content\/uploads\/2015\/10\/Milan-Knezevic-300x209.jpg\" alt=\"\" width=\"300\" height=\"209\" \/><a href=\"http:\/\/www.pcnen.com\/portal\/2019\/05\/09\/mandic-i-knezevic-osudeni-na-po-pet-godina-zatvora\/\">Optu\u017eeni funkcioner Demokratskog fronta Milan Kne\u017eevi\u0107<\/a>\u00a0je uputio otvoreno pismo ambasadorki SAD u Crnoj Gori, D\u017eudi Rajzing Rajnke.<\/p>\n<p>Ambasad SAD u Crnoj Gori <a href=\"http:\/\/www.pcnen.com\/portal\/2019\/05\/09\/ambasada-sad-u-podgorici-pozdravila-presudu\/\">je pozdravila presudu u aferi &#8216;dr\u017eavni <\/a>udar&#8217;.<\/p>\n<p>&#8220;Po\u0161tovana gospo\u0111o ambasadorko, za razliku od jednog broja mojih opozicionih kolega koji su Vas kritikovali jer ste nakon prvostepene presude Vi\u0161eg suda za navodni poku\u0161aj terorizma na dan izbora 16.10.2016. poslali \u010destitku odu\u0161evljenja sa uobi\u010dajenim floskulama o ja\u010danju demokratije i zadovoljenju pravde, ja \u0107u Vas ovim otvorenim pismom edukovati i upoznati \u0161to zna\u010di Va\u0161a \u010destitka.<\/p>\n<p>Gospo\u0111o Rajnke, \u010destitaju\u0107i bra\u0107i \u0110ukanovi\u0107 na osu\u0111uju\u0107oj presudi liderima DF- a, Srbima i Rusima, Vi ste ustvari podr\u017eali optu\u017enicu u kojoj se najmanje petorica dr\u017eavljana SAD optu\u017euju da su sa dvojicom agenata GRU- a u\u010destvovali u poku\u0161aju dr\u017eavnog udara kako bi sprije\u010dili u\u010dlanjenje Crne Gore u NATO. Podsjeti\u0107u Vas da se radi o sljede\u0107im licima: D\u017eozef Asad ( agent CIA), Ladislao Karbalosa ( agent FBI), Skot Rivas ( agent FBI), Horhe Mijar (agent FBI), D\u017eon D\u017eozef di Paolo ( agent CIA), koji su naredbom o pro\u0161irenju istrage osumnji\u010deni da su sara\u0111ivali sa predstavnicima ruskih tajnih slu\u017ebi i bili zadu\u017eeni da izvr\u0161e ekstrakciju i evakuaciju sad ve\u0107 prvostepeno osu\u0111enih lidera DF-a.<\/p>\n<p>Da li Va\u0161a \u010destitka gospo\u0111o Rajnke zna\u010di da su iste ove ruske slu\u017ebe dvadeset dana kasnije izvr\u0161ile dr\u017eavni udar i u SAD na na\u010din \u0161to su omogu\u0107ile pobjedu Donaldu Trampu? Ako tome dodam \u010dinjenicu da je jedino Demokratski front pozdravio pobjedu Donalda Trampa na predsjedni\u010dkim izborima, a kolega Medojevi\u0107 bio na njegovoj inauguraciji, onda dolazimo do zaklju\u010dka, da ste Vi nedavnom \u010destitkom ustvari potvrdili mije\u0161anje Rusije i u izbore u SAD.<\/p>\n<p>Pozdravljaju\u0107i osu\u0111uju\u0107u presudu dvojici Rusa i devetoro Srba, Vi ste ambasadorko pozdravili i naredbu o pro\u0161irenju istrage u kojoj su osumnji\u010deni agenti FBI- a i CIA za poku\u0161aj dr\u017eavnog udara. Moja je du\u017enost bila da Vas upozorim na skandal koji ste priredili svojoj dr\u017eavi, a \u0161to se mene ti\u010de, osje\u0107am nemjerljivo zadovoljstvo zbog Va\u0161e \u010destitke, jer ste Vi ustvari optu\u017eili Va\u0161eg predsjednika da je izabran uz pomo\u0107 ruskog uticaja, iako sve nezavisne istrage u Va\u0161oj dr\u017eavi tvrde druga\u010dije. A treba li dodati da je ovim presudama presu\u0111eno i Petom amandmanu ameri\u010dkog Ustava, jer su tu\u017eila\u0161tvo i sud utvrdili da je pozivanje na Peti amandman priznanje krivi\u010dnog djela. Tako ste indirektno u\u010destvovali u poni\u017eavanju prvog Ustava u svijetu donesenog na Ustavotvornoj Skup\u0161tini 17. septembra 1787. godine u Filadelfiji.<\/p>\n<p>Bez obzira \u0161to mislili o meni, moja je du\u017enost da branim principe zakonitosti i demokratije i u Va\u0161oj zemlji, jer vjerovali ili ne, ja izuzetno volim ameri\u010dki narod, ameri\u010dku knji\u017eevnost, istoriju, kulturu, a imam i odre\u0111ene simpatije prema politici predsjednika Trampa. Znam da sad nije trenutak da Vam pi\u0161em o Vitmenu, Belou, Fokneru, Frostu, Louelu, Dikinson, Singeru,Masterzu, Krejnu&#8230;.ve\u0107 \u0107u Vam jo\u0161 jednom ponoviti imena D\u017eozefa Asada (agent CIA), Ladislao Karbalose (agent FBI), Skota Rivasa (agent FBI), Horhe Mijara (agent FBI) i D\u017eon D\u017eozefa di Paola (agent CIA) \u010diju ste krivicu pozdravili u ime SAD. A ako odlu\u010dite da brojite, do\u0107i \u0107ete do podatka da u poku\u0161aju terorizma na dan izbora u Crnoj Gori ima vi\u0161e ameri\u010dkih nego ruskih dr\u017eavljana.<\/p>\n<p>Congratulations!&#8221;<\/p>\n","protected":false},"excerpt":{"rendered":"<p>Optu\u017eeni funkcioner Demokratskog fronta Milan Kne\u017eevi\u0107\u00a0je uputio otvoreno pismo ambasadorki SAD u Crnoj Gori, D\u017eudi Rajzing Rajnke. Ambasad SAD u Crnoj Gori je pozdravila presudu u aferi &#8216;dr\u017eavni udar&#8217;. &#8220;Po\u0161tovana gospo\u0111o ambasadorko, za razliku od jednog broja mojih opozicionih kolega koji su Vas kritikovali jer ste nakon prvostepene presude Vi\u0161eg suda za navodni poku\u0161aj terorizma [&hellip;]<\/p>\n","protected":false},"author":1,"featured_media":0,"comment_status":"open","ping_status":"closed","sticky":false,"template":"","format":"standard","meta":{"_seopress_robots_primary_cat":"","_seopress_titles_title":"","_seopress_titles_desc":"","_seopress_robots_index":"","_et_pb_use_builder":"","_et_pb_old_content":"","_et_gb_content_width":"","inline_featured_image":false,"footnotes":""},"categories":[14,12],"tags":[],"class_list":["post-266001","post","type-post","status-publish","format-standard","hentry","category-vijesti","category-prica-dana"],"_links":{"self":[{"href":"https:\/\/www.pcnen.com\/portal\/wp-json\/wp\/v2\/posts\/266001","targetHints":{"allow":["GET"]}}],"collection":[{"href":"https:\/\/www.pcnen.com\/portal\/wp-json\/wp\/v2\/posts"}],"about":[{"href":"https:\/\/www.pcnen.com\/portal\/wp-json\/wp\/v2\/types\/post"}],"author":[{"embeddable":true,"href":"https:\/\/www.pcnen.com\/portal\/wp-json\/wp\/v2\/users\/1"}],"replies":[{"embeddable":true,"href":"https:\/\/www.pcnen.com\/portal\/wp-json\/wp\/v2\/comments?post=266001"}],"version-history":[{"count":0,"href":"https:\/\/www.pcnen.com\/portal\/wp-json\/wp\/v2\/posts\/266001\/revisions"}],"wp:attachment":[{"href":"https:\/\/www.pcnen.com\/portal\/wp-json\/wp\/v2\/media?parent=266001"}],"wp:term":[{"taxonomy":"category","embeddable":true,"href":"https:\/\/www.pcnen.com\/portal\/wp-json\/wp\/v2\/categories?post=266001"},{"taxonomy":"post_tag","embeddable":true,"href":"https:\/\/www.pcnen.com\/portal\/wp-json\/wp\/v2\/tags?post=266001"}],"curies":[{"name":"wp","href":"https:\/\/api.w.org\/{rel}","templated":true}]}}