{"id":265993,"date":"2019-05-13T09:25:02","date_gmt":"2019-05-13T07:25:02","guid":{"rendered":"http:\/\/www.pcnen.com\/portal\/?p=265993"},"modified":"2019-05-13T12:13:10","modified_gmt":"2019-05-13T10:13:10","slug":"svedska-ponovo-otvara-istragu-protiv-asanza","status":"publish","type":"post","link":"https:\/\/www.pcnen.com\/portal\/2019\/05\/13\/svedska-ponovo-otvara-istragu-protiv-asanza\/","title":{"rendered":"\u0160vedska ponovo otvara istragu protiv Asan\u017ea"},"content":{"rendered":"<p><img loading=\"lazy\" decoding=\"async\" class=\"alignright size-medium wp-image-265293\" src=\"http:\/\/www.pcnen.com\/portal\/wp-content\/uploads\/2019\/05\/asandz-300x205.jpg\" alt=\"\" width=\"300\" height=\"205\" \/>\u0160vedsko tu\u017eila\u0161tvo je odlu\u010dilo da ponovo otvori slu\u010daj protiv osniva\u010da Vikiliksa D\u017eulijena Asan\u017ea o silovanju.<\/p>\n<p>Zamjenica direktora \u0161vedskog dr\u017eavnog tu\u017eioca Eva Mari Person je ovu odluku saop\u0161tila na konferenciji za novinare u Stokholmu.<\/p>\n<p>\u201eDonijela sam odluku o ponovnom otvaranju predmeta. Postoje ozbiljni razlozi za sumnju u Asan\u017eovu krivicu. Odluka o zatvaranju istrage donijeta je na osnovu toga \u0161to je Asan\u017eovo prisustvo na sudu bilo nemogu\u0107e, a ne na osnovu okolnosti slu\u010daja\u201c, izjavila je Personova, prenosi sputniknews.com.<\/p>\n<p>\u0160vedska tu\u017eiteljka je dodala da planira da izda evropski nalog za hap\u0161enje Asan\u017ea kojim \u0107e se tra\u017eiti njegovo izru\u010denje.<\/p>\n<p>Prije \u010detiri godine, \u0161vedsko Tu\u017eila\u0161tvo je saop\u0161tilo da je odustalo od istrage protiv osniva\u010da Vikiliksa za dva slu\u010daja seksualnog napastvovanja, po\u0161to su zastareli.<\/p>\n<p>Asan\u017e negira optu\u017ebe za silovanje, a da bi izbjegao izru\u010denje \u0160vedskoj 2012. godine sklonio se u ambasadu Ekvadora u Londonu i dobio azil, koji je ukinut u aprilu pa je Asan\u017e uhap\u0161en i osu\u0111en na 50 nedelja zatvora zbog kr\u0161enja propisa uslovne slobode.<\/p>\n<p>SAD tako\u0111e tra\u017ee Asan\u017eovo izru\u010denje zbog njegove navodne uloge u objavljivanju povjerljivih vojnih i diplomatskih dokumenata 2010. godine.<\/p>\n","protected":false},"excerpt":{"rendered":"<p>\u0160vedsko tu\u017eila\u0161tvo je odlu\u010dilo da ponovo otvori slu\u010daj protiv osniva\u010da Vikiliksa D\u017eulijena Asan\u017ea o silovanju. Zamjenica direktora \u0161vedskog dr\u017eavnog tu\u017eioca Eva Mari Person je ovu odluku saop\u0161tila na konferenciji za novinare u Stokholmu. \u201eDonijela sam odluku o ponovnom otvaranju predmeta. Postoje ozbiljni razlozi za sumnju u Asan\u017eovu krivicu. Odluka o zatvaranju istrage donijeta je na [&hellip;]<\/p>\n","protected":false},"author":1,"featured_media":0,"comment_status":"open","ping_status":"closed","sticky":false,"template":"","format":"standard","meta":{"_seopress_robots_primary_cat":"","_seopress_titles_title":"","_seopress_titles_desc":"","_seopress_robots_index":"","_et_pb_use_builder":"","_et_pb_old_content":"","_et_gb_content_width":"","inline_featured_image":false,"footnotes":""},"categories":[14,12],"tags":[],"class_list":["post-265993","post","type-post","status-publish","format-standard","hentry","category-vijesti","category-prica-dana"],"_links":{"self":[{"href":"https:\/\/www.pcnen.com\/portal\/wp-json\/wp\/v2\/posts\/265993","targetHints":{"allow":["GET"]}}],"collection":[{"href":"https:\/\/www.pcnen.com\/portal\/wp-json\/wp\/v2\/posts"}],"about":[{"href":"https:\/\/www.pcnen.com\/portal\/wp-json\/wp\/v2\/types\/post"}],"author":[{"embeddable":true,"href":"https:\/\/www.pcnen.com\/portal\/wp-json\/wp\/v2\/users\/1"}],"replies":[{"embeddable":true,"href":"https:\/\/www.pcnen.com\/portal\/wp-json\/wp\/v2\/comments?post=265993"}],"version-history":[{"count":0,"href":"https:\/\/www.pcnen.com\/portal\/wp-json\/wp\/v2\/posts\/265993\/revisions"}],"wp:attachment":[{"href":"https:\/\/www.pcnen.com\/portal\/wp-json\/wp\/v2\/media?parent=265993"}],"wp:term":[{"taxonomy":"category","embeddable":true,"href":"https:\/\/www.pcnen.com\/portal\/wp-json\/wp\/v2\/categories?post=265993"},{"taxonomy":"post_tag","embeddable":true,"href":"https:\/\/www.pcnen.com\/portal\/wp-json\/wp\/v2\/tags?post=265993"}],"curies":[{"name":"wp","href":"https:\/\/api.w.org\/{rel}","templated":true}]}}