{"id":265971,"date":"2019-05-12T22:58:14","date_gmt":"2019-05-12T20:58:14","guid":{"rendered":"http:\/\/www.pcnen.com\/portal\/?p=265971"},"modified":"2019-05-12T22:58:45","modified_gmt":"2019-05-12T20:58:45","slug":"kisa-povremeno-22","status":"publish","type":"post","link":"https:\/\/www.pcnen.com\/portal\/2019\/05\/12\/kisa-povremeno-22\/","title":{"rendered":"Ki\u0161a povremeno"},"content":{"rendered":"<p><img loading=\"lazy\" decoding=\"async\" class=\"alignright size-medium wp-image-238224\" src=\"http:\/\/www.pcnen.com\/portal\/wp-content\/uploads\/2017\/12\/solana-kisa-300x169.jpg\" alt=\"\" width=\"300\" height=\"169\" \/>Umjereno do potpuno obla\u010dno bi\u0107e u ponedjeljak, a povremeno \u0107e biti ki\u0161e ili pljuska sa grmljavinom. Vi\u0161e padavina bi\u0107e u sjevernim krajevima Crne Gore.<\/p>\n<p>Krajem dana ili u ve\u010dernjim satima ki\u0161a \u0107e prestati u cijeloj zemlji.<\/p>\n<p>Vjetar s istoka bi\u0107e mjestimi\u010dno umjeren do jak.<\/p>\n<p>Jutarnja temperatura vazduha bi\u0107e u rasponu od 5 do 15, a najvi\u0161a dnevna od 10 do 20 stepeni.<\/p>\n<p>U Podgorici \u0107e biti prete\u017eno obla\u010dno sa umjerenom do jakom ki\u0161om. Krajem dana ki\u0161a \u0107e prestati. Isto\u010dni i sjeveroisto\u010dni vjetar bi\u0107e uglavnom slab do umjeren. Jutarnja temperatura vazduha bi\u0107e oko 14, a najvi\u0161a dnevna do 19 stepeni.<\/p>\n<p><a href=\"http:\/\/www.meteo.co.me\/misc.php?text=121&amp;sektor=1&amp;grad=BIJ\">Prognoza za ostale gradove.<\/a><\/p>\n","protected":false},"excerpt":{"rendered":"<p>Krajem dana ili u ve\u010dernjim satima ki\u0161a \u0107e prestati u cijeloj zemlji<\/p>\n","protected":false},"author":1,"featured_media":0,"comment_status":"open","ping_status":"closed","sticky":false,"template":"","format":"standard","meta":{"_seopress_robots_primary_cat":"","_seopress_titles_title":"","_seopress_titles_desc":"","_seopress_robots_index":"","_et_pb_use_builder":"","_et_pb_old_content":"","_et_gb_content_width":"","inline_featured_image":false,"footnotes":""},"categories":[14,12],"tags":[],"class_list":["post-265971","post","type-post","status-publish","format-standard","hentry","category-vijesti","category-prica-dana"],"_links":{"self":[{"href":"https:\/\/www.pcnen.com\/portal\/wp-json\/wp\/v2\/posts\/265971","targetHints":{"allow":["GET"]}}],"collection":[{"href":"https:\/\/www.pcnen.com\/portal\/wp-json\/wp\/v2\/posts"}],"about":[{"href":"https:\/\/www.pcnen.com\/portal\/wp-json\/wp\/v2\/types\/post"}],"author":[{"embeddable":true,"href":"https:\/\/www.pcnen.com\/portal\/wp-json\/wp\/v2\/users\/1"}],"replies":[{"embeddable":true,"href":"https:\/\/www.pcnen.com\/portal\/wp-json\/wp\/v2\/comments?post=265971"}],"version-history":[{"count":0,"href":"https:\/\/www.pcnen.com\/portal\/wp-json\/wp\/v2\/posts\/265971\/revisions"}],"wp:attachment":[{"href":"https:\/\/www.pcnen.com\/portal\/wp-json\/wp\/v2\/media?parent=265971"}],"wp:term":[{"taxonomy":"category","embeddable":true,"href":"https:\/\/www.pcnen.com\/portal\/wp-json\/wp\/v2\/categories?post=265971"},{"taxonomy":"post_tag","embeddable":true,"href":"https:\/\/www.pcnen.com\/portal\/wp-json\/wp\/v2\/tags?post=265971"}],"curies":[{"name":"wp","href":"https:\/\/api.w.org\/{rel}","templated":true}]}}