{"id":265956,"date":"2019-05-12T17:20:46","date_gmt":"2019-05-12T15:20:46","guid":{"rendered":"http:\/\/www.pcnen.com\/portal\/?p=265956"},"modified":"2019-05-12T19:05:56","modified_gmt":"2019-05-12T17:05:56","slug":"u-crnoj-gori-utrostrucen-broj-trazilaca-azila","status":"publish","type":"post","link":"https:\/\/www.pcnen.com\/portal\/2019\/05\/12\/u-crnoj-gori-utrostrucen-broj-trazilaca-azila\/","title":{"rendered":"U Crnoj Gori utrostru\u010den broj tra\u017eilaca azila"},"content":{"rendered":"<p><img loading=\"lazy\" decoding=\"async\" src=\"http:\/\/www.pcnen.com\/portal\/wp-content\/uploads\/2018\/06\/azil-300x200.jpg\" alt=\"\" width=\"300\" height=\"200\" class=\"alignright size-medium wp-image-248349\" \/>U Crnoj Gori je u protekle dvije godine utrostru\u010den broj tra\u017eilaca azila, ali je znatno ni\u017ei broj ljudi kojima je dodijeljena me\u0111unarodna za\u0161tita, saop\u0161tila je \u0161efica kancelarije UNHCR-a u Podgorici, Roberta Monteveki, dodaju\u0107i da podaci nijesu alarmantni.<\/p>\n<p>Ona je kazala da je u 2017. godini 849 ljudi apliciralo za azil u Crnoj Gori, dok je pro\u0161le godine, nakon promjena u zakonu, situacija bila druga\u010dija.<\/p>\n<p>\u201cImamo dva podatka: ukupno 4.722 ljudi je izrazilo namjeru da tra\u017ei azil, \u0161to predstavlja novi korak, a od njih je 3.104 apliciralo za azil. Ako to uporedimo sa zahtjevima u 2017. godini, broj je zaista utrostru\u010den, iako i dalje to nijesu veliki brojevi\u201c, kazala je Monteveki u intervjuu agenciji Mina.<\/p>\n<p>Ona je istakla da je, sa druge strane, znatno ni\u017ei broj ljudi kojima je dodijeljena me\u0111unarodna za\u0161tita u Crnoj Gori.<\/p>\n","protected":false},"excerpt":{"rendered":"<p>U Crnoj Gori je u protekle dvije godine utrostru\u010den broj tra\u017eilaca azila, ali je znatno ni\u017ei broj ljudi kojima je dodijeljena me\u0111unarodna za\u0161tita, saop\u0161tila je \u0161efica kancelarije UNHCR-a u Podgorici, Roberta Monteveki, dodaju\u0107i da podaci nijesu alarmantni. Ona je kazala da je u 2017. godini 849 ljudi apliciralo za azil u Crnoj Gori, dok je [&hellip;]<\/p>\n","protected":false},"author":1,"featured_media":0,"comment_status":"open","ping_status":"closed","sticky":false,"template":"","format":"standard","meta":{"_seopress_robots_primary_cat":"","_seopress_titles_title":"","_seopress_titles_desc":"","_seopress_robots_index":"","_et_pb_use_builder":"","_et_pb_old_content":"","_et_gb_content_width":"","inline_featured_image":false,"footnotes":""},"categories":[14,12],"tags":[],"class_list":["post-265956","post","type-post","status-publish","format-standard","hentry","category-vijesti","category-prica-dana"],"_links":{"self":[{"href":"https:\/\/www.pcnen.com\/portal\/wp-json\/wp\/v2\/posts\/265956","targetHints":{"allow":["GET"]}}],"collection":[{"href":"https:\/\/www.pcnen.com\/portal\/wp-json\/wp\/v2\/posts"}],"about":[{"href":"https:\/\/www.pcnen.com\/portal\/wp-json\/wp\/v2\/types\/post"}],"author":[{"embeddable":true,"href":"https:\/\/www.pcnen.com\/portal\/wp-json\/wp\/v2\/users\/1"}],"replies":[{"embeddable":true,"href":"https:\/\/www.pcnen.com\/portal\/wp-json\/wp\/v2\/comments?post=265956"}],"version-history":[{"count":0,"href":"https:\/\/www.pcnen.com\/portal\/wp-json\/wp\/v2\/posts\/265956\/revisions"}],"wp:attachment":[{"href":"https:\/\/www.pcnen.com\/portal\/wp-json\/wp\/v2\/media?parent=265956"}],"wp:term":[{"taxonomy":"category","embeddable":true,"href":"https:\/\/www.pcnen.com\/portal\/wp-json\/wp\/v2\/categories?post=265956"},{"taxonomy":"post_tag","embeddable":true,"href":"https:\/\/www.pcnen.com\/portal\/wp-json\/wp\/v2\/tags?post=265956"}],"curies":[{"name":"wp","href":"https:\/\/api.w.org\/{rel}","templated":true}]}}