{"id":265946,"date":"2019-05-12T12:32:46","date_gmt":"2019-05-12T10:32:46","guid":{"rendered":"http:\/\/www.pcnen.com\/portal\/?p=265946"},"modified":"2019-05-12T12:37:52","modified_gmt":"2019-05-12T10:37:52","slug":"poljska-promocija-filma-o-pedofiliji-u-katolickoj-crkvi-video","status":"publish","type":"post","link":"https:\/\/www.pcnen.com\/portal\/2019\/05\/12\/poljska-promocija-filma-o-pedofiliji-u-katolickoj-crkvi-video\/","title":{"rendered":"Poljska: Promocija filma o pedofiliji u katoli\u010dkoj crkvi (video)"},"content":{"rendered":"<p><img loading=\"lazy\" decoding=\"async\" src=\"http:\/\/www.pcnen.com\/portal\/wp-content\/uploads\/2019\/05\/samo-ne-pricaj-nikome-300x178.jpeg\" alt=\"\" width=\"300\" height=\"178\" class=\"alignright size-medium wp-image-265949\" srcset=\"https:\/\/www.pcnen.com\/portal\/wp-content\/uploads\/2019\/05\/samo-ne-pricaj-nikome.jpeg 300w, https:\/\/www.pcnen.com\/portal\/wp-content\/uploads\/2019\/05\/samo-ne-pricaj-nikome-235x139.jpeg 235w, https:\/\/www.pcnen.com\/portal\/wp-content\/uploads\/2019\/05\/samo-ne-pricaj-nikome-75x45.jpeg 75w, https:\/\/www.pcnen.com\/portal\/wp-content\/uploads\/2019\/05\/samo-ne-pricaj-nikome-220x131.jpeg 220w\" sizes=\"(max-width: 300px) 100vw, 300px\" \/>Poglavar Poljske katoli\u010dke crkve, mitropolit Gnjezna, nadbiskup Voj\u0107eh Polak izvinio se svim \u017ertvama pedofila me\u0111u katoli\u010dkim sve\u0161tenicima, duboko potresen novim dokumentarnim filmom o pedofilima u mantijama &#8220;Samo ne pri\u010daj nikome&#8221;.<\/p>\n<p>&#8220;Duboko sam potresen time \u0161to sam vidio u filmu Toma\u0161a Sekjelskog. Ogromne patnje \u017ertava bude bol i stid. U ovom momentu su mi pred o\u010dima tako\u0111e drame ljudi koje sam sreo li\u010dno. Hvala svima koji imaju hrabrosti da govore o svojim stradanjima. Izvinjavam se za svaku ranu koju su nanijeli ljudi crkve&#8221;, poru\u010dio je nadbiskup Polak u saop\u0161tenju povodom premijere novog dokumentarnog filma o pedofiliji u Poljskoj katoli\u010dkoj crkvi, prenosi Beta.<\/p>\n<p>Primas Poljske katoli\u010dke crkve, istovremeno i delegat Episkopata za za\u0161titu djece i omladine, poru\u010dio je da crkva nema drugi put nego da zaista za\u0161titi mlade i da istraga provjeri sve slu\u010dajeve seksualnog zlostavljanja djece od strane sve\u0161tenika.<\/p>\n<p>Predvodnik Konferencije episkopata Poljske katoli\u010dke crkve, nadbiskup Stanjislav Gadecki zahvalio je autorima \u0161to su snimili taj film, u ime Episkopata zamolio za opro\u0161taj sve \u017ertve i izrazio nadu da \u0107e zahvaljuju\u0107i tom filmu jo\u0161 o\u0161trije biti osu\u0111ena pedofilija kojoj nema mjesta u Poljskoj katoli\u010dkoj crkvi.<\/p>\n<p>U filmu &#8220;Samo ne pri\u010daj nikome&#8221; Sekjelski je snimio ispovijesti \u017ertava sve\u0161tenika pedofila, a skrivenom kamerom i one koji su odlu\u010dili da se nakon godina, sada kao odrasli, suo\u010de sa svojim zlostavlja\u010dima.<\/p>\n<p>Dva slu\u010daja napastvovanja dece od strane sve\u0161tenika do sada nisu bila poznata, za Poljake \u0161okantan slu\u010daj biv\u0161eg kapelana sindikata Solidarnost i ispovijednika nekada\u0161njeg predsjednika Leha Valense, Fran\u0107i\u0161ka Cibule koji, suo\u010den sa \u017ertvom, nudi pare u zamjenu za \u0107utanje, a \u017ertvu jo\u0161 optu\u017euje da mu se seks svidio i &#8220;\u0161to se sada buni&#8221;.<\/p>\n<p>Drugo suo\u010davanje sve\u0161tenika pedofila i njegove \u017ertve autori filma su snimili u domu za penzionisane sve\u0161tenike, penzionisanog sve\u0161tenika koji je napastvovao djevoj\u010dice koje su dolazile kao ispomo\u0107 i koga sada odrasla Anja Mi\u0161evi\u010d pita nakon tolikih godina \u0161ta bi mu na to Bog rekao.<\/p>\n<p>&#8220;On potvr\u0111uje sve, potvr\u0111uje, da, &#8216;nisam napastvovao samo tebe&#8217;. U filmu on govori &#8211; &#8216;ali ja sam samo djevoj\u010dice, nisam dje\u010dake&#8217;, jer dje\u010daci mu se nikada nisu svi\u0111ali. Anji sve\u0161tenik obja\u0161njava da je to bilo neko o\u010dinsko osje\u0107anje koje se izrodilo u fizi\u010dki instinkt, obja\u0161nja da su to mu\u0161ke stvari, da je \u0111avo po\u017enjeo svoju sjetvu&#8221;, kazao je televiziji Polsat re\u017eiser filma Toma\u0161 Sjekelski.<\/p>\n<p><iframe loading=\"lazy\" title=\"TYLKO NIE M\u00d3W NIKOMU | dokument Tomasza Sekielskiego | ca\u0142y film | 2019\" width=\"1080\" height=\"608\" src=\"https:\/\/www.youtube.com\/embed\/BrUvQ3W3nV4?feature=oembed\" frameborder=\"0\" allow=\"accelerometer; autoplay; clipboard-write; encrypted-media; gyroscope; picture-in-picture; web-share\" allowfullscreen><\/iframe><\/p>\n","protected":false},"excerpt":{"rendered":"<p>Poglavar Poljske katoli\u010dke crkve, mitropolit Gnjezna, nadbiskup Voj\u0107eh Polak izvinio se svim \u017ertvama pedofila me\u0111u katoli\u010dkim sve\u0161tenicima, duboko potresen novim dokumentarnim filmom o pedofilima u mantijama &#8220;Samo ne pri\u010daj nikome&#8221;. &#8220;Duboko sam potresen time \u0161to sam vidio u filmu Toma\u0161a Sekjelskog. Ogromne patnje \u017ertava bude bol i stid. U ovom momentu su mi pred o\u010dima [&hellip;]<\/p>\n","protected":false},"author":1,"featured_media":265949,"comment_status":"open","ping_status":"closed","sticky":false,"template":"","format":"standard","meta":{"_seopress_robots_primary_cat":"","_seopress_titles_title":"","_seopress_titles_desc":"","_seopress_robots_index":"","_et_pb_use_builder":"","_et_pb_old_content":"","_et_gb_content_width":"","inline_featured_image":false,"footnotes":""},"categories":[14,12],"tags":[],"class_list":["post-265946","post","type-post","status-publish","format-standard","has-post-thumbnail","hentry","category-vijesti","category-prica-dana"],"_links":{"self":[{"href":"https:\/\/www.pcnen.com\/portal\/wp-json\/wp\/v2\/posts\/265946","targetHints":{"allow":["GET"]}}],"collection":[{"href":"https:\/\/www.pcnen.com\/portal\/wp-json\/wp\/v2\/posts"}],"about":[{"href":"https:\/\/www.pcnen.com\/portal\/wp-json\/wp\/v2\/types\/post"}],"author":[{"embeddable":true,"href":"https:\/\/www.pcnen.com\/portal\/wp-json\/wp\/v2\/users\/1"}],"replies":[{"embeddable":true,"href":"https:\/\/www.pcnen.com\/portal\/wp-json\/wp\/v2\/comments?post=265946"}],"version-history":[{"count":0,"href":"https:\/\/www.pcnen.com\/portal\/wp-json\/wp\/v2\/posts\/265946\/revisions"}],"wp:featuredmedia":[{"embeddable":true,"href":"https:\/\/www.pcnen.com\/portal\/wp-json\/wp\/v2\/media\/265949"}],"wp:attachment":[{"href":"https:\/\/www.pcnen.com\/portal\/wp-json\/wp\/v2\/media?parent=265946"}],"wp:term":[{"taxonomy":"category","embeddable":true,"href":"https:\/\/www.pcnen.com\/portal\/wp-json\/wp\/v2\/categories?post=265946"},{"taxonomy":"post_tag","embeddable":true,"href":"https:\/\/www.pcnen.com\/portal\/wp-json\/wp\/v2\/tags?post=265946"}],"curies":[{"name":"wp","href":"https:\/\/api.w.org\/{rel}","templated":true}]}}