{"id":265893,"date":"2019-05-11T11:59:45","date_gmt":"2019-05-11T09:59:45","guid":{"rendered":"http:\/\/www.pcnen.com\/portal\/?p=265893"},"modified":"2019-05-11T16:00:15","modified_gmt":"2019-05-11T14:00:15","slug":"do-2025-polovina-evropske-populacije-imace-neki-oblik-alergije","status":"publish","type":"post","link":"https:\/\/www.pcnen.com\/portal\/2019\/05\/11\/do-2025-polovina-evropske-populacije-imace-neki-oblik-alergije\/","title":{"rendered":"Do 2025. polovina evropske populacije ima\u0107e neki oblik alergije"},"content":{"rendered":"<p><img loading=\"lazy\" decoding=\"async\" src=\"http:\/\/www.pcnen.com\/portal\/wp-content\/uploads\/2011\/10\/kijanje1.jpeg\" alt=\"\" width=\"108\" height=\"120\" class=\"alignright size-full wp-image-63549\" \/>U svijetu se uo\u010dava trend porasta u\u010destalosti alergijskih bolesti, a me\u0111u njima prednja\u010de alergijska kijavica i alergijska bronhijalna astma, pi\u0161e Politika.<\/p>\n<p>Epidemiolozi tvrde da oko 25 odsto svjetske populacije boluje od neke alergije, pa alergijsku kijavicu navode kao naj\u010de\u0161\u0107u manifestaciju alergijskih bolesti.<\/p>\n<p>Taj trend pove\u0107anog obolijevanja naro\u010dito je izra\u017een u razvijenim dr\u017eavama, a postoje i projekcije da \u0107e do 2025. godine gotovo polovina evropske populacije imati neku formu alergije.<\/p>\n","protected":false},"excerpt":{"rendered":"<p>U svijetu se uo\u010dava trend porasta u\u010destalosti alergijskih bolesti, a me\u0111u njima prednja\u010de alergijska kijavica i alergijska bronhijalna astma, pi\u0161e Politika. Epidemiolozi tvrde da oko 25 odsto svjetske populacije boluje od neke alergije, pa alergijsku kijavicu navode kao naj\u010de\u0161\u0107u manifestaciju alergijskih bolesti. Taj trend pove\u0107anog obolijevanja naro\u010dito je izra\u017een u razvijenim dr\u017eavama, a postoje i [&hellip;]<\/p>\n","protected":false},"author":1,"featured_media":0,"comment_status":"open","ping_status":"closed","sticky":false,"template":"","format":"standard","meta":{"_seopress_robots_primary_cat":"","_seopress_titles_title":"","_seopress_titles_desc":"","_seopress_robots_index":"","_et_pb_use_builder":"","_et_pb_old_content":"","_et_gb_content_width":"","inline_featured_image":false,"footnotes":""},"categories":[14,12],"tags":[],"class_list":["post-265893","post","type-post","status-publish","format-standard","hentry","category-vijesti","category-prica-dana"],"_links":{"self":[{"href":"https:\/\/www.pcnen.com\/portal\/wp-json\/wp\/v2\/posts\/265893","targetHints":{"allow":["GET"]}}],"collection":[{"href":"https:\/\/www.pcnen.com\/portal\/wp-json\/wp\/v2\/posts"}],"about":[{"href":"https:\/\/www.pcnen.com\/portal\/wp-json\/wp\/v2\/types\/post"}],"author":[{"embeddable":true,"href":"https:\/\/www.pcnen.com\/portal\/wp-json\/wp\/v2\/users\/1"}],"replies":[{"embeddable":true,"href":"https:\/\/www.pcnen.com\/portal\/wp-json\/wp\/v2\/comments?post=265893"}],"version-history":[{"count":0,"href":"https:\/\/www.pcnen.com\/portal\/wp-json\/wp\/v2\/posts\/265893\/revisions"}],"wp:attachment":[{"href":"https:\/\/www.pcnen.com\/portal\/wp-json\/wp\/v2\/media?parent=265893"}],"wp:term":[{"taxonomy":"category","embeddable":true,"href":"https:\/\/www.pcnen.com\/portal\/wp-json\/wp\/v2\/categories?post=265893"},{"taxonomy":"post_tag","embeddable":true,"href":"https:\/\/www.pcnen.com\/portal\/wp-json\/wp\/v2\/tags?post=265893"}],"curies":[{"name":"wp","href":"https:\/\/api.w.org\/{rel}","templated":true}]}}