{"id":265775,"date":"2019-05-09T16:55:23","date_gmt":"2019-05-09T14:55:23","guid":{"rendered":"http:\/\/www.pcnen.com\/portal\/?p=265775"},"modified":"2019-05-09T16:56:09","modified_gmt":"2019-05-09T14:56:09","slug":"demokrate-korak-unazad-od-vladavine-prava-i-pravne-drzave","status":"publish","type":"post","link":"https:\/\/www.pcnen.com\/portal\/2019\/05\/09\/demokrate-korak-unazad-od-vladavine-prava-i-pravne-drzave\/","title":{"rendered":"Demokrate: Korak unazad od vladavine prava i pravne dr\u017eave"},"content":{"rendered":"<p>Demokratska Crna Gora \u00a0je dana\u0161nju <a href=\"http:\/\/www.pcnen.com\/portal\/2019\/05\/09\/mandic-i-knezevic-osudeni-na-po-pet-godina-zatvora\/\">nepravosna\u017enu osudu<\/a> lidera DF Andrije Mandi\u0107a i Milana Kne\u017eevi\u0107a osudila kao \u201ekorak unazad od vladavine prava i pravne dr\u017eave kojom stremimo\u201c i ocijenila da su \u201esudovi pokazali da ne odustaju od politi\u010dkog pristupa u dono\u0161enju odluka i potvrdili da princip nezavisnosti sudstva i sudija u Crnoj Gori ne postoji\u201c.<\/p>\n<p>\u201eDok se Svetozar Marovi\u0107 slobodno smje\u0161ka iz Beograda, a pravosudni organi ni\u0161ta ne preduzimaju na rje\u0161avanju predmeta &#8216;Marovi\u0107i&#8217;, dok stotine kriminalaca i onih koji su decenijama plja\u010dkali narod slobodno \u0161etaju ulicama, dok Agencija za sprje\u010davanje korupcije ne postupa po prijavama poslanika i gra\u0111ana, dok tu\u017eioci \u0161tite kumove, prijatelje i ro\u0111ake \u0161efa mafije, pravosudni sistem Crne Gore donosi presude protiv opozicionih poslanika i osmi\u0161ljavaju nove strategije djelovanja protiv opozicionih lidera zloupotrebljavaju\u0107i i uzurpiraju\u0107i kompletan dr\u017eavni aparat, koji je postao alatka u rukama predstavnika vlasti\u201c, ocijenile su Demokrate.<\/p>\n<p>Oni su izrazili nadu \u201eda \u0107e i u ovakvom zarobljenom sistemu privatizovanih institucija drugostepeni sud donijeti osloba\u0111aju\u0107u presudu opozicionim poslanicima, jer bi to bilo jedino logi\u010dno rje\u0161enje poslije ovog skandaloznog procesa u kom je svjedok saradnik mijenjao iskaze na svakih 100 eura\u201c.<\/p>\n","protected":false},"excerpt":{"rendered":"<p>Demokratska Crna Gora \u00a0je dana\u0161nju nepravosna\u017enu osudu lidera DF Andrije Mandi\u0107a i Milana Kne\u017eevi\u0107a osudila kao \u201ekorak unazad od vladavine prava i pravne dr\u017eave kojom stremimo\u201c i ocijenila da su \u201esudovi pokazali da ne odustaju od politi\u010dkog pristupa u dono\u0161enju odluka i potvrdili da princip nezavisnosti sudstva i sudija u Crnoj Gori ne postoji\u201c. \u201eDok [&hellip;]<\/p>\n","protected":false},"author":1,"featured_media":0,"comment_status":"open","ping_status":"closed","sticky":false,"template":"","format":"standard","meta":{"_seopress_robots_primary_cat":"","_seopress_titles_title":"","_seopress_titles_desc":"","_seopress_robots_index":"","_et_pb_use_builder":"","_et_pb_old_content":"","_et_gb_content_width":"","inline_featured_image":false,"footnotes":""},"categories":[14],"tags":[],"class_list":["post-265775","post","type-post","status-publish","format-standard","hentry","category-vijesti"],"_links":{"self":[{"href":"https:\/\/www.pcnen.com\/portal\/wp-json\/wp\/v2\/posts\/265775","targetHints":{"allow":["GET"]}}],"collection":[{"href":"https:\/\/www.pcnen.com\/portal\/wp-json\/wp\/v2\/posts"}],"about":[{"href":"https:\/\/www.pcnen.com\/portal\/wp-json\/wp\/v2\/types\/post"}],"author":[{"embeddable":true,"href":"https:\/\/www.pcnen.com\/portal\/wp-json\/wp\/v2\/users\/1"}],"replies":[{"embeddable":true,"href":"https:\/\/www.pcnen.com\/portal\/wp-json\/wp\/v2\/comments?post=265775"}],"version-history":[{"count":0,"href":"https:\/\/www.pcnen.com\/portal\/wp-json\/wp\/v2\/posts\/265775\/revisions"}],"wp:attachment":[{"href":"https:\/\/www.pcnen.com\/portal\/wp-json\/wp\/v2\/media?parent=265775"}],"wp:term":[{"taxonomy":"category","embeddable":true,"href":"https:\/\/www.pcnen.com\/portal\/wp-json\/wp\/v2\/categories?post=265775"},{"taxonomy":"post_tag","embeddable":true,"href":"https:\/\/www.pcnen.com\/portal\/wp-json\/wp\/v2\/tags?post=265775"}],"curies":[{"name":"wp","href":"https:\/\/api.w.org\/{rel}","templated":true}]}}