{"id":265728,"date":"2019-05-09T07:42:49","date_gmt":"2019-05-09T05:42:49","guid":{"rendered":"http:\/\/www.pcnen.com\/portal\/?p=265728"},"modified":"2019-05-09T07:42:49","modified_gmt":"2019-05-09T05:42:49","slug":"podaci-o-letovima-vladinog-aviona-unistavaju-se-nakon-tri-mjeseca","status":"publish","type":"post","link":"https:\/\/www.pcnen.com\/portal\/2019\/05\/09\/podaci-o-letovima-vladinog-aviona-unistavaju-se-nakon-tri-mjeseca\/","title":{"rendered":"Podaci o letovima vladinog aviona uni\u0161tavaju se nakon tri mjeseca"},"content":{"rendered":"<div id=\"attachment_265729\" style=\"width: 310px\" class=\"wp-caption alignright\"><img loading=\"lazy\" decoding=\"async\" aria-describedby=\"caption-attachment-265729\" class=\"size-medium wp-image-265729\" src=\"http:\/\/www.pcnen.com\/portal\/wp-content\/uploads\/2019\/05\/avion-300x211.jpg\" alt=\"\" width=\"300\" height=\"211\" \/><p id=\"caption-attachment-265729\" class=\"wp-caption-text\">Ilustracija<\/p><\/div>\n<p>Vlada Crne Gore ne vodi adekvatnu evidenciju o letovima dr\u017eavnog aviona, tvrde iz Mre\u017ee za afirmaciju nevladinog sektora (MANS) i poru\u010duju da je alarmantno to \u0161to se podaci o kori\u0161\u0107enju Vladinog aviona (ko ga je koristio i na koje destinacije je putovao) uni\u0161tavaju poslije samo tri mjeseca.<\/p>\n<p>\u201cGra\u0111ani imaju pravo da znaju gdje i za \u010dije potrebe leti dr\u017eavni avion i kako se svake godine iz dr\u017eavnog bud\u017eeta tro\u0161e stotine hiljada eura na letove i odr\u017eavanje tog aviona\u201d, <a href=\"https:\/\/www.vijesti.me\/vijesti\/drustvo\/predsjednici-lete-na-nepoznate-adrese\">kazala je za Vijesti<\/a> koordinatorka za medije MANS-a Biljana Matija\u0161evi\u0107.<\/p>\n<p>Generalni sekretarijat Vlade nedavno je odbio zahtjev ove nevladine organizacije za pristup kopijama dokumenata koji sadr\u017ee informacije o kori\u0161\u0107enju aviona za period od januara 2015. do kraja januara 2019. godiine, poru\u010duju\u0107i da bi to podrazumijevalo sa\u010dinjavanje nove informacije.<\/p>\n","protected":false},"excerpt":{"rendered":"<p>Generalni sekretarijat Vlade nedavno je odbio zahtjev MANS-a za pristup kopijama dokumenata koji sadr\u017ee informacije o kori\u0161\u0107enju aviona za period od januara 2015. do kraja januara 2019. godiine<\/p>\n","protected":false},"author":1,"featured_media":0,"comment_status":"open","ping_status":"closed","sticky":false,"template":"","format":"standard","meta":{"_seopress_robots_primary_cat":"","_seopress_titles_title":"","_seopress_titles_desc":"","_seopress_robots_index":"","_et_pb_use_builder":"","_et_pb_old_content":"","_et_gb_content_width":"","inline_featured_image":false,"footnotes":""},"categories":[14,12],"tags":[],"class_list":["post-265728","post","type-post","status-publish","format-standard","hentry","category-vijesti","category-prica-dana"],"_links":{"self":[{"href":"https:\/\/www.pcnen.com\/portal\/wp-json\/wp\/v2\/posts\/265728","targetHints":{"allow":["GET"]}}],"collection":[{"href":"https:\/\/www.pcnen.com\/portal\/wp-json\/wp\/v2\/posts"}],"about":[{"href":"https:\/\/www.pcnen.com\/portal\/wp-json\/wp\/v2\/types\/post"}],"author":[{"embeddable":true,"href":"https:\/\/www.pcnen.com\/portal\/wp-json\/wp\/v2\/users\/1"}],"replies":[{"embeddable":true,"href":"https:\/\/www.pcnen.com\/portal\/wp-json\/wp\/v2\/comments?post=265728"}],"version-history":[{"count":0,"href":"https:\/\/www.pcnen.com\/portal\/wp-json\/wp\/v2\/posts\/265728\/revisions"}],"wp:attachment":[{"href":"https:\/\/www.pcnen.com\/portal\/wp-json\/wp\/v2\/media?parent=265728"}],"wp:term":[{"taxonomy":"category","embeddable":true,"href":"https:\/\/www.pcnen.com\/portal\/wp-json\/wp\/v2\/categories?post=265728"},{"taxonomy":"post_tag","embeddable":true,"href":"https:\/\/www.pcnen.com\/portal\/wp-json\/wp\/v2\/tags?post=265728"}],"curies":[{"name":"wp","href":"https:\/\/api.w.org\/{rel}","templated":true}]}}