{"id":265720,"date":"2019-05-08T22:18:41","date_gmt":"2019-05-08T20:18:41","guid":{"rendered":"http:\/\/www.pcnen.com\/portal\/?p=265720"},"modified":"2019-05-08T22:18:41","modified_gmt":"2019-05-08T20:18:41","slug":"df-spreman-na-oruzani-otpor","status":"publish","type":"post","link":"https:\/\/www.pcnen.com\/portal\/2019\/05\/08\/df-spreman-na-oruzani-otpor\/","title":{"rendered":"DF spreman na oru\u017eani otpor?"},"content":{"rendered":"<p><img loading=\"lazy\" decoding=\"async\" class=\"alignright size-medium wp-image-221370\" src=\"http:\/\/www.pcnen.com\/portal\/wp-content\/uploads\/2017\/02\/pistolj-300x220.jpg\" alt=\"\" width=\"300\" height=\"220\" \/>Neimenovani izvor FOS portala, blizak Demokratskom frontu, otkrio je da ovaj opozicioni blok planira &#8220;oru\u017eani otpor ukoliko sjutra do\u0111e do hap\u0161enja&#8221; Andrije Mandi\u0107a i Milana Kne\u017eevi\u0107a, optu\u017eenih lidera u procesu poznatom kao &#8216;dr\u017eavni udar&#8217;.<\/p>\n<p>Ovakav plan bi\u0107e realizovan samo ukoliko u rje\u0161enju bude pisalo da se odmah po izricanju presude Sudskog vije\u0107a Vi\u0161eg suda u Podgorici osu\u0111eni upu\u0107uju u Zavod za izvr\u0161enje krivi\u010dnih sankcija.<\/p>\n<p>Za sjutra je zakazano izricanje presuda, a FOS portal je objavio da Mandi\u0107 i Kne\u017eevi\u0107 ne\u0107e biti u sudnici u vrijeme izricanja presude.<\/p>\n<p>Mandi\u0107 je <a href=\"http:\/\/www.pcnen.com\/portal\/2019\/05\/08\/mandic-predmet-nase-paznje-i-akcije-bice-nekoliko-rezimskih-kapitalaca\/\">najavio specifi\u010dne mjere<\/a> u slu\u010daju da on i Kne\u017eevi\u0107 budu osu\u0111eni.<\/p>\n","protected":false},"excerpt":{"rendered":"<p>Neimenovani izvor FOS portala, blizak Demokratskom frontu, otkrio je da ovaj opozicioni blok planira &#8220;oru\u017eani otpor ukoliko sjutra do\u0111e do hap\u0161enja&#8221; Andrije Mandi\u0107a i Milana Kne\u017eevi\u0107a, optu\u017eenih lidera u procesu poznatom kao &#8216;dr\u017eavni udar&#8217;. Ovakav plan bi\u0107e realizovan samo ukoliko u rje\u0161enju bude pisalo da se odmah po izricanju presude Sudskog vije\u0107a Vi\u0161eg suda u [&hellip;]<\/p>\n","protected":false},"author":1,"featured_media":0,"comment_status":"open","ping_status":"closed","sticky":false,"template":"","format":"standard","meta":{"_seopress_robots_primary_cat":"","_seopress_titles_title":"","_seopress_titles_desc":"","_seopress_robots_index":"","_et_pb_use_builder":"","_et_pb_old_content":"","_et_gb_content_width":"","inline_featured_image":false,"footnotes":""},"categories":[14,12],"tags":[],"class_list":["post-265720","post","type-post","status-publish","format-standard","hentry","category-vijesti","category-prica-dana"],"_links":{"self":[{"href":"https:\/\/www.pcnen.com\/portal\/wp-json\/wp\/v2\/posts\/265720","targetHints":{"allow":["GET"]}}],"collection":[{"href":"https:\/\/www.pcnen.com\/portal\/wp-json\/wp\/v2\/posts"}],"about":[{"href":"https:\/\/www.pcnen.com\/portal\/wp-json\/wp\/v2\/types\/post"}],"author":[{"embeddable":true,"href":"https:\/\/www.pcnen.com\/portal\/wp-json\/wp\/v2\/users\/1"}],"replies":[{"embeddable":true,"href":"https:\/\/www.pcnen.com\/portal\/wp-json\/wp\/v2\/comments?post=265720"}],"version-history":[{"count":0,"href":"https:\/\/www.pcnen.com\/portal\/wp-json\/wp\/v2\/posts\/265720\/revisions"}],"wp:attachment":[{"href":"https:\/\/www.pcnen.com\/portal\/wp-json\/wp\/v2\/media?parent=265720"}],"wp:term":[{"taxonomy":"category","embeddable":true,"href":"https:\/\/www.pcnen.com\/portal\/wp-json\/wp\/v2\/categories?post=265720"},{"taxonomy":"post_tag","embeddable":true,"href":"https:\/\/www.pcnen.com\/portal\/wp-json\/wp\/v2\/tags?post=265720"}],"curies":[{"name":"wp","href":"https:\/\/api.w.org\/{rel}","templated":true}]}}