{"id":265707,"date":"2019-05-08T16:51:44","date_gmt":"2019-05-08T14:51:44","guid":{"rendered":"http:\/\/www.pcnen.com\/portal\/?p=265707"},"modified":"2019-05-08T16:51:44","modified_gmt":"2019-05-08T14:51:44","slug":"dacic-reagovacemo-nakon-izricanja-presude-ako-bude-potrebe","status":"publish","type":"post","link":"https:\/\/www.pcnen.com\/portal\/2019\/05\/08\/dacic-reagovacemo-nakon-izricanja-presude-ako-bude-potrebe\/","title":{"rendered":"Da\u010di\u0107: Reagova\u0107emo nakon izricanja presude ako bude potrebe"},"content":{"rendered":"<p><img loading=\"lazy\" decoding=\"async\" src=\"http:\/\/www.pcnen.com\/portal\/wp-content\/uploads\/2015\/10\/ivica-dacic.jpg\" alt=\"\" width=\"250\" height=\"182\" class=\"alignright size-full wp-image-191204\" \/>Srbija ima obavezu da poma\u017ee svojim gra\u0111anima i pripadnicima srpskog naroda u Crnoj Gori i reagova\u0107e ukoliko bude potrebe nakon izricanja presude optu\u017eenima u slu\u010daju &#8216;dr\u017eavni udar&#8217;, rekao je danas ministar spoljnih poslova Srbije Ivica Da\u010di\u0107, komentari\u0161u\u0107i poziv poslanika DF-a Milana Kne\u017eevi\u0107a dr\u017eavnim organima Srbije, da za\u0161tite gra\u0111ane Srbije koji su &#8216;izlo\u017eeni golgoti u Crnoj Gori&#8217;.<\/p>\n<p>&#8220;Ja o tome ne mogu da govorim, jer ne znam kakva \u0107e biti presuda, \u0161to se toga ti\u010de, po\u0161tujem prezumpciju nevinosti. Ako se neko obrati na\u0161im organima, reagova\u0107emo ako budu postojali realni razlozi za to,&#8221; rekao je Da\u010di\u0107 na skupu Jadransko-jonske inicijative u Budvi, prenosi RTCG.<\/p>\n<p>Sjutra u 9 sati bi\u0107e izre\u010dena prvostepena presuda optu\u017eenima da su na dan izbora u oktobru 2016. <a href=\"http:\/\/www.pcnen.com\/portal\/2019\/03\/28\/presuda-za-drzavni-udar-9-maja\/\">planirali dr\u017eavni udar<\/a>.<\/p>\n<p>&#8220;Nemam nikakve nove ni precizne informacije o slu\u010daju Svetozara Marovi\u0107a, osim da je ministar unutra\u0161njih poslova Neboj\u0161a Stefanovi\u0107 demantovao medijske tvrdnje da je on dobio dr\u017eavljanstvo Srbije,&#8221; rekao je Da\u010di\u0107 odgovaraju\u0107i na novinarsko pitanje da li \u0107e Srbija izru\u010diti biv\u0161eg crnogorskog predsjednika Podgorici.<\/p>\n<p>Uzvrativ\u0161i na opasku crnogorske novinarke da Srbija \u201emo\u017eda \u010deka izgradnju novih puteva do Crne Gore\u201c da izru\u010di Marovi\u0107a, Da\u010di\u0107 je kazao da \u201ene zna ni kako je Marovi\u0107, uop\u0161te, do\u0161ao u Srbiju, to zna, vjerovatno, neko u Crnoj Gori\u201c.<\/p>\n","protected":false},"excerpt":{"rendered":"<p>Srbija ima obavezu da poma\u017ee svojim gra\u0111anima i pripadnicima srpskog naroda u Crnoj Gori i reagova\u0107e ukoliko bude potrebe nakon izricanja presude optu\u017eenima u slu\u010daju &#8216;dr\u017eavni udar&#8217;, rekao je danas ministar spoljnih poslova Srbije Ivica Da\u010di\u0107, komentari\u0161u\u0107i poziv poslanika DF-a Milana Kne\u017eevi\u0107a dr\u017eavnim organima Srbije, da za\u0161tite gra\u0111ane Srbije koji su &#8216;izlo\u017eeni golgoti u Crnoj [&hellip;]<\/p>\n","protected":false},"author":1,"featured_media":0,"comment_status":"open","ping_status":"closed","sticky":false,"template":"","format":"standard","meta":{"_seopress_robots_primary_cat":"","_seopress_titles_title":"","_seopress_titles_desc":"","_seopress_robots_index":"","_et_pb_use_builder":"","_et_pb_old_content":"","_et_gb_content_width":"","inline_featured_image":false,"footnotes":""},"categories":[14],"tags":[],"class_list":["post-265707","post","type-post","status-publish","format-standard","hentry","category-vijesti"],"_links":{"self":[{"href":"https:\/\/www.pcnen.com\/portal\/wp-json\/wp\/v2\/posts\/265707","targetHints":{"allow":["GET"]}}],"collection":[{"href":"https:\/\/www.pcnen.com\/portal\/wp-json\/wp\/v2\/posts"}],"about":[{"href":"https:\/\/www.pcnen.com\/portal\/wp-json\/wp\/v2\/types\/post"}],"author":[{"embeddable":true,"href":"https:\/\/www.pcnen.com\/portal\/wp-json\/wp\/v2\/users\/1"}],"replies":[{"embeddable":true,"href":"https:\/\/www.pcnen.com\/portal\/wp-json\/wp\/v2\/comments?post=265707"}],"version-history":[{"count":0,"href":"https:\/\/www.pcnen.com\/portal\/wp-json\/wp\/v2\/posts\/265707\/revisions"}],"wp:attachment":[{"href":"https:\/\/www.pcnen.com\/portal\/wp-json\/wp\/v2\/media?parent=265707"}],"wp:term":[{"taxonomy":"category","embeddable":true,"href":"https:\/\/www.pcnen.com\/portal\/wp-json\/wp\/v2\/categories?post=265707"},{"taxonomy":"post_tag","embeddable":true,"href":"https:\/\/www.pcnen.com\/portal\/wp-json\/wp\/v2\/tags?post=265707"}],"curies":[{"name":"wp","href":"https:\/\/api.w.org\/{rel}","templated":true}]}}