{"id":265705,"date":"2019-05-08T16:21:00","date_gmt":"2019-05-08T14:21:00","guid":{"rendered":"http:\/\/www.pcnen.com\/portal\/?p=265705"},"modified":"2019-05-08T16:34:19","modified_gmt":"2019-05-08T14:34:19","slug":"papa-naljutio-hrvatske-desnicare","status":"publish","type":"post","link":"https:\/\/www.pcnen.com\/portal\/2019\/05\/08\/papa-naljutio-hrvatske-desnicare\/","title":{"rendered":"Papa naljutio hrvatske desni\u010dare"},"content":{"rendered":"<p><img loading=\"lazy\" decoding=\"async\" src=\"http:\/\/www.pcnen.com\/portal\/wp-content\/uploads\/2013\/05\/Papa-Franjo-300x211.jpg\" alt=\"\" width=\"300\" height=\"211\" class=\"alignright size-medium wp-image-114176\" \/>Papa Franjo se na\u0161ao na udaru hrvatske desnice i njenih medija nakon izjave da Alojzije Stepinac ne\u0107e uskoro biti kanonizovan i da je pomo\u0107 u rje\u0161avanju nedoumica u tom slu\u010daju potra\u017eio kod patrijarha srpskog Irineja.<\/p>\n<p>&#8220;Stepinac je bio du\u0161evan \u010dovjek, zato ga je Crkva proglasila bla\u017eenim. Ali u odre\u0111enom trenutku u procesu kanonizacije postoje nejasne ta\u010dke, istorijske ta\u010dke. Molio sam se, promi\u0161ljao sam to, tra\u017eio sam savjete i vidio da treba da zatra\u017eim pomo\u0107 (srpskog partijarha) Irineja. On je velik patrijarh. Irinej je pomogao, napravili smo zajedni\u010dku istorijsku komisiju i sara\u0111ivali smo. I Irineju i meni jedini je interes istina. I da ne pogrije\u0161imo. \u010cemu bi slu\u017eilo progla\u0161enje sveca ako tu istina nije jasna? Nikomu to ne bi slu\u017eilo&#8221;, rekao je papa u avionu novinaru HRT-a, na povratku iz posjete Bugarskoj i S.Makedoniji.<br \/>\nNa brojnim desni\u010darskim portalima osvanuli su komentari i natpisi u kojima je papa Franjo izlo\u017een napadima.<\/p>\n<p>&#8220;Papa Franjo tra\u017ei savjet od \u010dovjeka koji u Hrvatima vidi samo zlo&#8221;, &#8220;Sveti papa Franjo, jo\u0161 svetiji Irinej i dobri \u010dovjek Alojzije&#8221;, neki su od naslova.<\/p>\n<p>Srpska pravoslavna crkva protivi se progla\u0161avanju Alojzija Stepinca, prvog \u010dovjeka Katoli\u010dke crkve u Hrvatskoj za vrijeme usta\u0161ke vladavine, zbog pokr\u0161tavanja pravoslavnog stanovni\u0161tva i podr\u0161ke koju je davao Nezavisnoj Dr\u017eavi Hrvatskoj, prenosi Tanjug.<\/p>\n<p>U crkvenim krugovima u Hrvatskoj nisu zadovoljni zbog \u010dinjenice da papa jo\u0161 nije proglasio Stepinca svetim.<\/p>\n","protected":false},"excerpt":{"rendered":"<p>Papa Franjo se na\u0161ao na udaru hrvatske desnice i njenih medija nakon izjave da Alojzije Stepinac ne\u0107e uskoro biti kanonizovan i da je pomo\u0107 u rje\u0161avanju nedoumica u tom slu\u010daju potra\u017eio kod patrijarha srpskog Irineja. &#8220;Stepinac je bio du\u0161evan \u010dovjek, zato ga je Crkva proglasila bla\u017eenim. Ali u odre\u0111enom trenutku u procesu kanonizacije postoje nejasne [&hellip;]<\/p>\n","protected":false},"author":1,"featured_media":0,"comment_status":"open","ping_status":"closed","sticky":false,"template":"","format":"standard","meta":{"_seopress_robots_primary_cat":"","_seopress_titles_title":"","_seopress_titles_desc":"","_seopress_robots_index":"","_et_pb_use_builder":"","_et_pb_old_content":"","_et_gb_content_width":"","inline_featured_image":false,"footnotes":""},"categories":[14,12],"tags":[],"class_list":["post-265705","post","type-post","status-publish","format-standard","hentry","category-vijesti","category-prica-dana"],"_links":{"self":[{"href":"https:\/\/www.pcnen.com\/portal\/wp-json\/wp\/v2\/posts\/265705","targetHints":{"allow":["GET"]}}],"collection":[{"href":"https:\/\/www.pcnen.com\/portal\/wp-json\/wp\/v2\/posts"}],"about":[{"href":"https:\/\/www.pcnen.com\/portal\/wp-json\/wp\/v2\/types\/post"}],"author":[{"embeddable":true,"href":"https:\/\/www.pcnen.com\/portal\/wp-json\/wp\/v2\/users\/1"}],"replies":[{"embeddable":true,"href":"https:\/\/www.pcnen.com\/portal\/wp-json\/wp\/v2\/comments?post=265705"}],"version-history":[{"count":0,"href":"https:\/\/www.pcnen.com\/portal\/wp-json\/wp\/v2\/posts\/265705\/revisions"}],"wp:attachment":[{"href":"https:\/\/www.pcnen.com\/portal\/wp-json\/wp\/v2\/media?parent=265705"}],"wp:term":[{"taxonomy":"category","embeddable":true,"href":"https:\/\/www.pcnen.com\/portal\/wp-json\/wp\/v2\/categories?post=265705"},{"taxonomy":"post_tag","embeddable":true,"href":"https:\/\/www.pcnen.com\/portal\/wp-json\/wp\/v2\/tags?post=265705"}],"curies":[{"name":"wp","href":"https:\/\/api.w.org\/{rel}","templated":true}]}}