{"id":265648,"date":"2019-05-07T22:08:46","date_gmt":"2019-05-07T20:08:46","guid":{"rendered":"http:\/\/www.pcnen.com\/portal\/?p=265648"},"modified":"2019-05-07T23:44:22","modified_gmt":"2019-05-07T21:44:22","slug":"pokrer-odupri-se-presudio-luku-kaznicu","status":"publish","type":"post","link":"https:\/\/www.pcnen.com\/portal\/2019\/05\/07\/pokrer-odupri-se-presudio-luku-kaznicu\/","title":{"rendered":"Pokret Odupri se presudio &#8216;Luku Kazni\u0107u&#8217;"},"content":{"rendered":"<p><img loading=\"lazy\" decoding=\"async\" class=\"alignright size-full wp-image-265649\" src=\"http:\/\/www.pcnen.com\/portal\/wp-content\/uploads\/2019\/05\/luko.jpg\" alt=\"\" width=\"200\" height=\"267\" srcset=\"https:\/\/www.pcnen.com\/portal\/wp-content\/uploads\/2019\/05\/luko.jpg 200w, https:\/\/www.pcnen.com\/portal\/wp-content\/uploads\/2019\/05\/luko-75x100.jpg 75w\" sizes=\"(max-width: 200px) 100vw, 200px\" \/>Predstavnici Gra\u0111anskog pokreta Odupri se pozvali su na ve\u010dera\u0161njem protestu zaposlene u pravosu\u0111u da ne \u0107ute i poru\u010dili da pravda u dr\u017eavi mora biti jednaka za sve.<\/p>\n<p>Oni su, <a href=\"http:\/\/www.pcnen.com\/portal\/2019\/05\/07\/odupri-se-danas-deseti-protest\/\">na desetom protestu,<\/a> kojem je prisustvovalo nekoliko hiljada gra\u0111ana, na improvizovanom su\u0111enju osudili Luka Kazni\u0107a (Milivoja Katni\u0107a), optu\u017eenog po \u0161est ta\u010daka, kaznom uklanjanja iz javnog \u017eivota.<\/p>\n<p>\u201eOptu\u017euje se za mo\u017edani udar na \u010delnike DF-a i sve gra\u0111ane koji su 16. oktobra 2016. bili onemogu\u0107eni da iza\u0111u na glasanje. Tereti se jer nema desetina podignutih optu\u017enica za mnogobrojna ubistva \u0161irom Crne Gore, koja su odnijela i \u017eivote slu\u010dajnih prolaznika. Tereti se za politi\u010dku korupciju oli\u010denu u koverti, koja je predata tada\u0161njem gradona\u010delniku Podgorice, a koju su vidjeli svi gra\u0111ani, samo ne on\u201c, naveo je Milovan Markovi\u0107, iz organizacionog odbora protesta.<\/p>\n<p>On je osu\u0111en i zato jer zlo\u010dinci sa dubrova\u010dkog rati\u0161ta \u0161etaju Crnom Gorom, kao i zato \u0161to nisu ka\u017enjeni zlo\u010dinci odgovorni za deportacije.<\/p>\n<p>Demonstranti su tokom \u010ditanja optu\u017enice dizali papire na kojima je pisalo &#8216;kriv&#8217;, prenosi Mina.<\/p>\n<p>Jedan od organizatora, Nikola Grdini\u0107 je kazao da su se okupili jer u 2019. godini \u017eele da obezbijede \u017eivot dostojan \u010dovjeka, svakom gra\u0111aninu Crne Gore.<\/p>\n<p>Prema njegovim rije\u010dima, pravdu je zarobio jedan \u010dovjek koji dr\u017ei cijeli sistem u Crnoj Gori.<\/p>\n<p>\u201ePosla\u0107emo no\u0107as poruku zaposlenima u pravosu\u0111u da ne \u0107ute. Pravda u Crnoj Gori ne smije da gubi smisao. 9. maja, kada se obilje\u017eava Dan pobjede nad fa\u0161izmom, Evropa obilje\u017eava taj dan, u Crnoj Gori je taj dan obesmi\u0161ljen i te\u0161ko ga je slaviti\u201c, poru\u010dio je Grdini\u0107.<\/p>\n<p>\u201eOtpor je u nama, otpor mora da \u017eivi. Nema ni pravde jednake za sve gra\u0111ane Crne Gore\u201c, poru\u010dio je Grdini\u0107.<\/p>\n<p>Biv\u0161i radnik KAP-a, penzioner, Nikola Rakovi\u0107, govorio je o istoriji te fabrike.<\/p>\n<p>\u201cZnamo \u0161ta je bilo poslednjih 30 godina. Mnogima nepla\u0107eni porezi i doprinosi, neispla\u0107ene plate\u201d, rekao je Rakovi\u0107.<\/p>\n<p>Predstavnik penzionera, Momo Joksimovi\u0107 je rekao da je slobodna ulica ve\u0107a institucija od Skup\u0161tine.<\/p>\n<p>\u201cPenzionera ima 130,5 hiljada. To je armija. Oni su gradili ovu dr\u017eavu a danas veliki broj njih pre\u017eivljava\u201d, poru\u010dio je Joksimovi\u0107.<\/p>\n<p>Prema njegovim rije\u010dima, institucije su zakazale i zato je gra\u0111anima gra\u0111anima ostala samo ulica.<\/p>\n<p>\u201cVe\u0107ina gra\u0111ana je gladna, a na sjeveru svaki \u0161esti. Budu\u0107e penzionere o\u010dekuje te\u017ei \u017eivot i manje penzije\u201d, rekao je Joksimovi\u0107.<\/p>\n<p>Naredni protest je zakazan za 21, maj, Dan dr\u017eavnosti.<\/p>\n","protected":false},"excerpt":{"rendered":"<p>Optu\u017euje se za mo\u017edani udar na \u010delnike DF-a i sve gra\u0111ane koji su 16. oktobra 2016. bili onemogu\u0107eni da iza\u0111u na glasanje<\/p>\n","protected":false},"author":1,"featured_media":265649,"comment_status":"open","ping_status":"closed","sticky":false,"template":"","format":"standard","meta":{"_seopress_robots_primary_cat":"","_seopress_titles_title":"","_seopress_titles_desc":"","_seopress_robots_index":"","_et_pb_use_builder":"","_et_pb_old_content":"","_et_gb_content_width":"","inline_featured_image":false,"footnotes":""},"categories":[14,12],"tags":[],"class_list":["post-265648","post","type-post","status-publish","format-standard","has-post-thumbnail","hentry","category-vijesti","category-prica-dana"],"_links":{"self":[{"href":"https:\/\/www.pcnen.com\/portal\/wp-json\/wp\/v2\/posts\/265648","targetHints":{"allow":["GET"]}}],"collection":[{"href":"https:\/\/www.pcnen.com\/portal\/wp-json\/wp\/v2\/posts"}],"about":[{"href":"https:\/\/www.pcnen.com\/portal\/wp-json\/wp\/v2\/types\/post"}],"author":[{"embeddable":true,"href":"https:\/\/www.pcnen.com\/portal\/wp-json\/wp\/v2\/users\/1"}],"replies":[{"embeddable":true,"href":"https:\/\/www.pcnen.com\/portal\/wp-json\/wp\/v2\/comments?post=265648"}],"version-history":[{"count":0,"href":"https:\/\/www.pcnen.com\/portal\/wp-json\/wp\/v2\/posts\/265648\/revisions"}],"wp:featuredmedia":[{"embeddable":true,"href":"https:\/\/www.pcnen.com\/portal\/wp-json\/wp\/v2\/media\/265649"}],"wp:attachment":[{"href":"https:\/\/www.pcnen.com\/portal\/wp-json\/wp\/v2\/media?parent=265648"}],"wp:term":[{"taxonomy":"category","embeddable":true,"href":"https:\/\/www.pcnen.com\/portal\/wp-json\/wp\/v2\/categories?post=265648"},{"taxonomy":"post_tag","embeddable":true,"href":"https:\/\/www.pcnen.com\/portal\/wp-json\/wp\/v2\/tags?post=265648"}],"curies":[{"name":"wp","href":"https:\/\/api.w.org\/{rel}","templated":true}]}}