{"id":265601,"date":"2019-05-07T08:46:08","date_gmt":"2019-05-07T06:46:08","guid":{"rendered":"http:\/\/www.pcnen.com\/portal\/?p=265601"},"modified":"2019-05-07T09:31:41","modified_gmt":"2019-05-07T07:31:41","slug":"vijesti-policija-cuva-sutkinju-i-tuzioca","status":"publish","type":"post","link":"https:\/\/www.pcnen.com\/portal\/2019\/05\/07\/vijesti-policija-cuva-sutkinju-i-tuzioca\/","title":{"rendered":"Vijesti: Policija \u010duva sutkinju i tu\u017eioca?"},"content":{"rendered":"<p><img loading=\"lazy\" decoding=\"async\" class=\"alignright size-full wp-image-201499\" src=\"http:\/\/www.pcnen.com\/portal\/wp-content\/uploads\/2016\/03\/obezbjedjenje.jpg\" alt=\"\" width=\"278\" height=\"181\" \/>Uprava policije (UP) je poja\u010dala obezbje\u0111enje specijalnog dr\u017eavnog tu\u017eioca Sa\u0161e \u010ca\u0111enovi\u0107a i dodjelila policijsku pratnju sutkinji Vi\u0161eg Suda Suzani Mugo\u0161i, pi\u0161u Vijesti.<\/p>\n<p>Vije\u0107e sutkinje Mugo\u0161e trebalo bi 9. maja da izrekne presudu u slu\u010daju poku\u0161aja dr\u017eavnog udara na dan izbora 2016. godine.<\/p>\n<p>Specijalni tu\u017eilac Ca\u0111enovi\u0107 zastupa optu\u017enicu SDT-a protiv vi\u0161e osoba, me\u0111u kojima su i \u010dlanovi Predsjedni\u0161tva Demokratskog fronta (DF) Andrija Mandi\u0107 i Milan Kne\u017eevi\u0107.<\/p>\n<p>On je ranije dobio policijsku pratnju nakon \u0161to je primao prijetnje.<\/p>\n<p>Sagovornici Vijesti tvrde da su poja\u010dane mjere bezbjednosti povezane sa pozivima \u010delnika Fronta \u010dlanstvu da na ulici odbrane lidere od &#8220;napisane presude vrha re\u017eima&#8221;, kao i najavama Mandi\u0107a da &#8220;ne\u0107e skr\u0161tenih ruku \u010dekati da ih sud po\u0161alje u zatvor po politi\u010dkom diktatu&#8221;.<\/p>\n<p>Uprava policije nije potvrdila da li je policijsko obezbje\u0111enje povezano sa izricanjem presude, dok su iz Vi\u0161eg suda Vijesti uputili na UP.<\/p>\n<p>&#8220;Podaci koje se odnose na procjenu bezbjednosti, a koji se sa\u010dinavaju od strane nadle\u017ene slu\u017ebe, ozna\u010deni su stepenom tajnosti&#8221;, saop\u0161tili su Vijestima iz Uprave policije, prenose online mediji.<\/p>\n<p>Za procjenu bezbjednosti zadu\u017eena je Agencija za nacionalnu bezbjednost (ANB), koja postupa po zahtjevu Uprave policije.<\/p>\n<p>Glavni specijalni tu\u017eilac Milivoje Katni\u0107 vec ima policijsko obezbje\u0111enje i ono mu pripada po zakonu.<\/p>\n<p>Na pitanje da li policija ima saznanja da se pripremaju okupljanja ispred ku\u0107a javnih funkcionera, za koje funkcioneri DF-a smatraju da navodno stoje iza presude protiv njih, da li se pripremaju poja\u010dane mjere bezbjednosti sudova i drugih institucija 9. maja, kada je izricanje presude, iz UP je odgovoreno da \u0107e \u201cpolicija postupati zakonito, odgovorno i efikasno shodno svim izazovima&#8221;.<\/p>\n<p>Prema saznanjima lista u slu\u010daju da funkcionere DF-a osude na zatvorske kazne, razmatra se mogu\u0107nost da se poslanici tog politi\u010dkog saveza zatvore u zgradi Skup\u0161tine i brane kolege od hap\u0161enja.<\/p>\n","protected":false},"excerpt":{"rendered":"<p>Uprava policije (UP) je poja\u010dala obezbje\u0111enje specijalnog dr\u017eavnog tu\u017eioca Sa\u0161e \u010ca\u0111enovi\u0107a i dodjelila policijsku pratnju sutkinji Vi\u0161eg Suda Suzani Mugo\u0161i, pi\u0161u Vijesti. Vije\u0107e sutkinje Mugo\u0161e trebalo bi 9. maja da izrekne presudu u slu\u010daju poku\u0161aja dr\u017eavnog udara na dan izbora 2016. godine. Specijalni tu\u017eilac Ca\u0111enovi\u0107 zastupa optu\u017enicu SDT-a protiv vi\u0161e osoba, me\u0111u kojima su i [&hellip;]<\/p>\n","protected":false},"author":1,"featured_media":0,"comment_status":"open","ping_status":"closed","sticky":false,"template":"","format":"standard","meta":{"_seopress_robots_primary_cat":"","_seopress_titles_title":"","_seopress_titles_desc":"","_seopress_robots_index":"","_et_pb_use_builder":"","_et_pb_old_content":"","_et_gb_content_width":"","inline_featured_image":false,"footnotes":""},"categories":[14,12],"tags":[],"class_list":["post-265601","post","type-post","status-publish","format-standard","hentry","category-vijesti","category-prica-dana"],"_links":{"self":[{"href":"https:\/\/www.pcnen.com\/portal\/wp-json\/wp\/v2\/posts\/265601","targetHints":{"allow":["GET"]}}],"collection":[{"href":"https:\/\/www.pcnen.com\/portal\/wp-json\/wp\/v2\/posts"}],"about":[{"href":"https:\/\/www.pcnen.com\/portal\/wp-json\/wp\/v2\/types\/post"}],"author":[{"embeddable":true,"href":"https:\/\/www.pcnen.com\/portal\/wp-json\/wp\/v2\/users\/1"}],"replies":[{"embeddable":true,"href":"https:\/\/www.pcnen.com\/portal\/wp-json\/wp\/v2\/comments?post=265601"}],"version-history":[{"count":0,"href":"https:\/\/www.pcnen.com\/portal\/wp-json\/wp\/v2\/posts\/265601\/revisions"}],"wp:attachment":[{"href":"https:\/\/www.pcnen.com\/portal\/wp-json\/wp\/v2\/media?parent=265601"}],"wp:term":[{"taxonomy":"category","embeddable":true,"href":"https:\/\/www.pcnen.com\/portal\/wp-json\/wp\/v2\/categories?post=265601"},{"taxonomy":"post_tag","embeddable":true,"href":"https:\/\/www.pcnen.com\/portal\/wp-json\/wp\/v2\/tags?post=265601"}],"curies":[{"name":"wp","href":"https:\/\/api.w.org\/{rel}","templated":true}]}}