{"id":265565,"date":"2019-05-06T15:07:35","date_gmt":"2019-05-06T13:07:35","guid":{"rendered":"http:\/\/www.pcnen.com\/portal\/?p=265565"},"modified":"2019-05-06T15:07:35","modified_gmt":"2019-05-06T13:07:35","slug":"dukanovic-podrzao-samoproglasenog-predsjednika-venecuele","status":"publish","type":"post","link":"https:\/\/www.pcnen.com\/portal\/2019\/05\/06\/dukanovic-podrzao-samoproglasenog-predsjednika-venecuele\/","title":{"rendered":"\u0110ukanovi\u0107 podr\u017eao samoprogla\u0161enog predsjednika Venecuele?"},"content":{"rendered":"<p><img loading=\"lazy\" decoding=\"async\" class=\"alignright size-medium wp-image-265566\" src=\"http:\/\/www.pcnen.com\/portal\/wp-content\/uploads\/2019\/05\/Djukanovic-Rosales-247x300.jpg\" alt=\"\" width=\"247\" height=\"300\" srcset=\"https:\/\/www.pcnen.com\/portal\/wp-content\/uploads\/2019\/05\/Djukanovic-Rosales-247x300.jpg 247w, https:\/\/www.pcnen.com\/portal\/wp-content\/uploads\/2019\/05\/Djukanovic-Rosales-235x285.jpg 235w, https:\/\/www.pcnen.com\/portal\/wp-content\/uploads\/2019\/05\/Djukanovic-Rosales-75x91.jpg 75w, https:\/\/www.pcnen.com\/portal\/wp-content\/uploads\/2019\/05\/Djukanovic-Rosales-220x267.jpg 220w, https:\/\/www.pcnen.com\/portal\/wp-content\/uploads\/2019\/05\/Djukanovic-Rosales.jpg 300w\" sizes=\"(max-width: 247px) 100vw, 247px\" \/>Supruga proameri\u010dkog Huana Gvaida, lidera opozicije u Venecueli i samoprogla\u0161enog predsjednik te zemlje, koji je, uz podr\u0161ku svojih saveznika, poku\u0161ao minulih dana da izvede dr\u017eavni udar, zahvalila se predsjedniku Crne Gore Milu \u0110ukanovi\u0107u za podr\u0161ku.<\/p>\n<p>&#8220;Hvala predsjedniku Crne Gore, Milu \u0110ukanovic\u0301u za podr\u0161ku ljudima Venecuele, svijet nas podr\u017eava, idemo naprijed, ne gubimo nadu. Mi imamo podr\u0161ku me\u0111unarodne zajednice i nastavic\u0301emo da radimo na stvaranju globalnih saveza&#8221;, <a href=\"https:\/\/twitter.com\/FabiiRosales?ref_src=twsrc%5Etfw%7Ctwcamp%5Etweetembed%7Ctwterm%5E1124743262546169857&amp;ref_url=http%3A%2F%2Fwww.rtcg.me%2Fvijesti%2Fpolitika%2F239647%2Fhvala-djukanovicu-za-podrsku-narodu-venecuele.html\">napisala je ona na Tviteru<\/a>, a identi\u010dnu poruku i fotografiju objavila je i na Instagramu, <a href=\"http:\/\/www.rtcg.me\/vijesti\/politika\/239647\/hvala-djukanovicu-za-podrsku-narodu-venecuele.html\">prenio je portal RTCG.<\/a><\/p>\n<p>\u0110ukanovi\u0107 i Fabijana Rosales su se sreli na &#8220;Sedona Forumu&#8221; koji svake godine u ameri\u010dkoj dr\u017eavi Arizoni organizuje institut (McCain Institute) koji nosi ime nedavno preminulog desni\u010darskog ameri\u010dkog senatora, biv\u0161eg vojnog pilota koji je ratovao u Vijetnamu.<\/p>\n","protected":false},"excerpt":{"rendered":"<p>Supruga proameri\u010dkog Huana Gvaida, lidera opozicije u Venecueli i samoprogla\u0161enog predsjednik te zemlje, koji je, uz podr\u0161ku svojih saveznika, poku\u0161ao minulih dana da izvede dr\u017eavni udar, zahvalila se predsjedniku Crne Gore Milu \u0110ukanovi\u0107u za podr\u0161ku. &#8220;Hvala predsjedniku Crne Gore, Milu \u0110ukanovic\u0301u za podr\u0161ku ljudima Venecuele, svijet nas podr\u017eava, idemo naprijed, ne gubimo nadu. Mi imamo [&hellip;]<\/p>\n","protected":false},"author":1,"featured_media":265566,"comment_status":"open","ping_status":"closed","sticky":false,"template":"","format":"standard","meta":{"_seopress_robots_primary_cat":"","_seopress_titles_title":"","_seopress_titles_desc":"","_seopress_robots_index":"","_et_pb_use_builder":"","_et_pb_old_content":"","_et_gb_content_width":"","inline_featured_image":false,"footnotes":""},"categories":[14,12],"tags":[],"class_list":["post-265565","post","type-post","status-publish","format-standard","has-post-thumbnail","hentry","category-vijesti","category-prica-dana"],"_links":{"self":[{"href":"https:\/\/www.pcnen.com\/portal\/wp-json\/wp\/v2\/posts\/265565","targetHints":{"allow":["GET"]}}],"collection":[{"href":"https:\/\/www.pcnen.com\/portal\/wp-json\/wp\/v2\/posts"}],"about":[{"href":"https:\/\/www.pcnen.com\/portal\/wp-json\/wp\/v2\/types\/post"}],"author":[{"embeddable":true,"href":"https:\/\/www.pcnen.com\/portal\/wp-json\/wp\/v2\/users\/1"}],"replies":[{"embeddable":true,"href":"https:\/\/www.pcnen.com\/portal\/wp-json\/wp\/v2\/comments?post=265565"}],"version-history":[{"count":0,"href":"https:\/\/www.pcnen.com\/portal\/wp-json\/wp\/v2\/posts\/265565\/revisions"}],"wp:featuredmedia":[{"embeddable":true,"href":"https:\/\/www.pcnen.com\/portal\/wp-json\/wp\/v2\/media\/265566"}],"wp:attachment":[{"href":"https:\/\/www.pcnen.com\/portal\/wp-json\/wp\/v2\/media?parent=265565"}],"wp:term":[{"taxonomy":"category","embeddable":true,"href":"https:\/\/www.pcnen.com\/portal\/wp-json\/wp\/v2\/categories?post=265565"},{"taxonomy":"post_tag","embeddable":true,"href":"https:\/\/www.pcnen.com\/portal\/wp-json\/wp\/v2\/tags?post=265565"}],"curies":[{"name":"wp","href":"https:\/\/api.w.org\/{rel}","templated":true}]}}