{"id":265548,"date":"2019-05-06T10:21:35","date_gmt":"2019-05-06T08:21:35","guid":{"rendered":"http:\/\/www.pcnen.com\/portal\/?p=265548"},"modified":"2019-05-06T10:21:35","modified_gmt":"2019-05-06T08:21:35","slug":"skoro-11-000-crnogorskih-penzionera-dobija-do-128-eura-mjesecno","status":"publish","type":"post","link":"https:\/\/www.pcnen.com\/portal\/2019\/05\/06\/skoro-11-000-crnogorskih-penzionera-dobija-do-128-eura-mjesecno\/","title":{"rendered":"Skoro 11.000 crnogorskih penzionera dobija do 128 eura mjese\u010dno"},"content":{"rendered":"<p><img loading=\"lazy\" decoding=\"async\" class=\"alignright size-full wp-image-86071\" src=\"http:\/\/www.pcnen.com\/portal\/wp-content\/uploads\/2012\/06\/starenje.jpg\" alt=\"\" width=\"200\" height=\"141\" \/>U Crnoj Gori vi\u0161e od 10.750 penzionera\/ki prima minimalnu penziju od 128,14 ili manje, a 3.000 prima penziju ni\u017eu od 100 eura, podaci su koje je Vijestima saop\u0161tio predsjednik Partije penzionera, invalida i restitucije Momo Joksimovi\u0107.<\/p>\n<p>Ukupan broj korisnika prava iz PIO zaklju\u010dno sa martom 2019, prema podacima Fonda, je 130.515, od \u010dega je 120.403 korisnika koji \u017eive u Crnoj Gori, a ostali u inostranstvu.<\/p>\n<p>Nedostaju\u0107a sredstva Fondu PIO u 2018. godini iznosila su oko 122 miliona eura (28,88 %) i ona su obezbije\u0111ena iz dr\u017eavnog bud\u017eeta.<\/p>\n<p>Projektovani bud\u017eetski deficit Fonda PIO u 2019. godini je 109 miliona eura.<\/p>\n","protected":false},"excerpt":{"rendered":"<p>Projektovani bud\u017eetski deficit Fonda PIO u 2019. godini je 109 miliona eura<\/p>\n","protected":false},"author":1,"featured_media":0,"comment_status":"open","ping_status":"closed","sticky":false,"template":"","format":"standard","meta":{"_seopress_robots_primary_cat":"","_seopress_titles_title":"","_seopress_titles_desc":"","_seopress_robots_index":"","_et_pb_use_builder":"","_et_pb_old_content":"","_et_gb_content_width":"","inline_featured_image":false,"footnotes":""},"categories":[14,12],"tags":[],"class_list":["post-265548","post","type-post","status-publish","format-standard","hentry","category-vijesti","category-prica-dana"],"_links":{"self":[{"href":"https:\/\/www.pcnen.com\/portal\/wp-json\/wp\/v2\/posts\/265548","targetHints":{"allow":["GET"]}}],"collection":[{"href":"https:\/\/www.pcnen.com\/portal\/wp-json\/wp\/v2\/posts"}],"about":[{"href":"https:\/\/www.pcnen.com\/portal\/wp-json\/wp\/v2\/types\/post"}],"author":[{"embeddable":true,"href":"https:\/\/www.pcnen.com\/portal\/wp-json\/wp\/v2\/users\/1"}],"replies":[{"embeddable":true,"href":"https:\/\/www.pcnen.com\/portal\/wp-json\/wp\/v2\/comments?post=265548"}],"version-history":[{"count":0,"href":"https:\/\/www.pcnen.com\/portal\/wp-json\/wp\/v2\/posts\/265548\/revisions"}],"wp:attachment":[{"href":"https:\/\/www.pcnen.com\/portal\/wp-json\/wp\/v2\/media?parent=265548"}],"wp:term":[{"taxonomy":"category","embeddable":true,"href":"https:\/\/www.pcnen.com\/portal\/wp-json\/wp\/v2\/categories?post=265548"},{"taxonomy":"post_tag","embeddable":true,"href":"https:\/\/www.pcnen.com\/portal\/wp-json\/wp\/v2\/tags?post=265548"}],"curies":[{"name":"wp","href":"https:\/\/api.w.org\/{rel}","templated":true}]}}