{"id":265530,"date":"2019-05-06T08:36:22","date_gmt":"2019-05-06T06:36:22","guid":{"rendered":"http:\/\/www.pcnen.com\/portal\/?p=265530"},"modified":"2019-05-06T08:36:22","modified_gmt":"2019-05-06T06:36:22","slug":"nepodnosljiva-lakoca-baljezganja","status":"publish","type":"post","link":"https:\/\/www.pcnen.com\/portal\/2019\/05\/06\/nepodnosljiva-lakoca-baljezganja\/","title":{"rendered":"Nepodno\u0161ljiva lako\u0107a baljezganja"},"content":{"rendered":"<p><strong>Autor: Sr\u0111an Milo\u0161evi\u0107<\/strong><\/p>\n<p><img loading=\"lazy\" decoding=\"async\" class=\"alignright size-medium wp-image-218657\" src=\"http:\/\/www.pcnen.com\/portal\/wp-content\/uploads\/2016\/12\/granice-300x219.jpg\" alt=\"\" width=\"300\" height=\"219\" \/>Re\u010d je, ovoga puta, o Vulinu. Njegovi medijski nastupi zaista se najbolje mogu opisati re\u010dju iz naslova (za koju autor ovog priloga, ne proveravaju\u0107i, prigodno pretpostavlja da poti\u010de od re\u010di balega): \u201eJa sam za \u0161to pre i \u0161to sigurnije razgrani\u010denje sa \u0160iptarima\u2026 \u0160to pre izme\u0111u nas i njih bude tvrda i \u010dvrsta granica pre \u0107emo mo\u0107i da se bavimo sobom i svojim narodom, a ne da se bavimo onim \u0161to neosu\u0111eni ratni zlo\u010dinci ho\u0107e da rade\u2026 I znate, ako sam nekad i sumnjao da mo\u017eda nisam u pravu \u2013 sada kada vidim da su protiv razgrani\u010denja Nema\u010dka, Hrvatska, Albanija, \u0160iptari na Kosovu, delovi BiH, Crna Gora, Severna Makedonija \u2013 ja nemam ni jednu jedinu dilemu da sam u pravu i da je ovo dobro za srpski narod\u201c.<\/p>\n<p>Dakle, neizgovoreno, ali podrazumevano \u2013 \u201erazgrani\u010denju\u201c se protive neprijatelji Srbije, koje je Vulin i nabrojao, pa otuda mora biti da je razgrani\u010denje ideja korisna za Srbiju! Ne znam kako se u ovu vulinovsku jedna\u010dinu uklapa Ha\u0161im Ta\u010di\u2026 No, slede\u0107i istu soka\u010dko-kafansku logiku, imaju\u0107i u vidu da najdugotrajniji \u201eneprijatelj pravoslavne Srbije i Srpstva\u201c \u2013 Vatikan nije priznao nezavisnost Kosova, mora biti da je interes Srbije da uradi suprotno od Vatikana i prizna Kosovo. I tako u nedogled\u2026 Umesto kompetentno\u0161\u0107u i odgovorno\u0161\u0107u, Vulin bi dr\u017eavnim poslovima da rukovodi tankom dijalektikom\u2026<\/p>\n<p>Vulinovsko razumevanje politike ne mo\u017ee da dobaci dalje od najprimitivnijih svetonazora koji se (makar i samo uzgred) argumentuju tako banalno, kao \u0161to je navedeno logiciziranje, pri \u010demu su neprijatelji uvek oni koji u datom trenutku ne podr\u017eavaju politiku za koju se zala\u017ee ekipica kojoj pripada i sam Vulin. Tako je bilo devedesetih, tako je i danas\u2026 Samo je ta ezoteri\u010dna grupa autenti\u010dni tuma\u010d \u201enacionalnih interesa\u201c, samo ta grupa neprosve\u0107enih posve\u0107enika zna du\u0161u i potrebe Srba, Srbije i Srpstva, samo je ta grupa samoprogla\u0161enih nacional-du\u0161ebri\u017enika ovla\u0161\u0107ena da govori o dr\u017eavi, narodu, istoriji, pravdi, jer je, eto, pobedila na nekakvim fali\u010dnim ruritanskim izborima. A ta je grupa re\u0161ila sada da \u0161vercuje pri\u010du o \u201erazgrani\u010denju\u201c, kao novu mantru umesto one izan\u0111ale: \u201eKosovo je srce Srbije\u201c. Ova nova mantra nije manje nerazumna, ali jeste ne\u0161to skromnija i, uz nala\u017eenje partnera na kosovskoj strani, ona mo\u017ee postati i uspe\u0161na platforma za vi\u0161egodi\u0161nje vatanje zjala, odnosno kolosalno gubljenje dragocenog vremena. Naravno, to je gubljenje vremena iz perspektive dr\u017eave i dru\u0161tva. Iz perspektive re\u017eima i re\u017eimlija to je upravo dobijanje na vremenu i u svemu \u0161to to vreme na vlasti njima donosi\u2026<\/p>\n<p>Navodno Vu\u010di\u0107a, Vulina, Da\u010di\u0107a i sve njihove ba\u0161 to odsustvo \u201erazgrani\u010denja\u201c spre\u010dava da se bave \u201esobom i svojim narodom\u201c, umesto \u201eonim \u0161to neosu\u0111eni ratni zlo\u010dinci ho\u0107e da rade\u201c. Pitanje je samo da li Vulin zami\u0161lja da posle \u201erazgrani\u010denja\u201c ti neimenovani zlo\u010dinci vi\u0161e ne\u0107e raditi to \u0161to sada rade ili Srbiju to vi\u0161e ne\u0107e zanimati jer \u0107e se de\u0161avati \u2013 u drugoj dr\u017eavi? Da li to zna\u010di da \u201enerazgrani\u010deni\u201c Srbi vi\u0161e ne\u0107e izazivati du\u0161ebri\u017eni\u0161tvo Beograda? Ko bi to znao, a nije ni va\u017eno. Zna se da je Vulin njegov \u010dovek, pa mo\u017ee da pri\u010da \u0161ta ho\u0107e, sve dok to \u0161to pri\u010da zna\u010di \u201esvaka \u010dast Vu\u010di\u0107u\u201c, a uvek zna\u010di to kao \u0161to uvek zna\u010di konfrontaciju sa regionom i EU.<\/p>\n<p>Vulin, dakle, ho\u0107e granicu, \u201etvrdu i \u010dvrstu\u201c. Pravo je pitanje kako je to u saglasnosti sa potonjom izjavom ministra odbrane da je cilj Srbije ulazak u EU i po\u0161tovanje \u201eevropskih vrednosti\u201c, od kojih su dobrosusedski odnosi jedan od klju\u010dnih kriterijuma, budu\u0107i da EU ne planira da uvozi krize, \u010dija manifestacija su \u2013 \u201etvrde i \u010dvrste granice\u201c, po Vulinovim merilima. Dodu\u0161e, Srbija ho\u0107e u EU samo ako EU ho\u0107e Srbiju, a ako EU ne\u0107e Srbiju onda ne\u0107e ni Srbija EU, u kom slu\u010daju Srbija mo\u017eda ho\u0107e, a mo\u017eda ne\u0107e neki drugi aran\u017eman, sa drugim mo\u0107nikom koji ho\u0107e nju, ravnopravnu. Tako otprilike izgleda najnovije Vulinovo trabunjanje o Srbiji i EU. Osim toga, u skladu sa \u201eevropskim vrednostima\u201c, kako ih on sam razume, Vulinovo new normal (?) je postalo da Albance naziva \u0160iptarima, \u0161to je obi\u010dna kulovska provokacija, koju obi\u010dno prati ona \u017evaka za ludaka da \u201eoni sami sebe tako zovu\u201c.<\/p>\n<p>Za\u0161to se, na kraju krajeva, uop\u0161te baviti Vulinom? Odgovora ima vi\u0161e. Prvo, jer je, takav kakav je, ministar odbrane. Drugo, jer je fenomen za sebe koji se nedvosmisleno \u201eisti\u010de\u201c. Tre\u0107e, zato \u0161to se bavljenjem Vulinom vrlo precizno meri dubina sunovrata Srbije. Uop\u0161te vi\u0161e nije ni va\u017eno (jer ne zna se \u0161ta je poraznije) da li je Vulin samo cini\u010dna Vu\u010di\u0107eva osveta ili je on zaista uveren da u Srbiji (van opozicije, jer samo tu nije tra\u017eio ministre kako bi skrpio ovo \u010dudo \u0161to se naziva vladom) nema kompetentnijeg \u010doveka za mesto ministra odbrane. Me\u0111utim, ono \u0161to je jo\u0161 malignije od jednog ili drugog bizarnog personalnog re\u0161enja je op\u0161ta atmosfera koju je re\u017eim kreirao i u kojoj postoji matrica pema kojoj on uvek dobija. Vlast je, dakle, uspela da stvori kontekst u kojem mo\u017ee bez ikakvih posledica u\u010diniti bilo \u0161ta \u2013 \u010dak i stvari neuporedivo smelije od bilo \u010dega \u0161to bi mogla ili \u017eelela u\u010diniti opozicija. \u010cinjenica da je \u201erazgrani\u010denje\u201c postalo nova mera patriotizma umesto opozicionog, sada ve\u0107 izdajni\u010dkog \u201eKosovo je srce Srbije\u201c dovoljno govori o ovom fenomenu, ali i o besprincipijelnoj prilagodljivosti i sadr\u017eajnoj bedi svake forme nacionalizma.<\/p>\n<p><a href=\"https:\/\/pescanik.net\/nepodnosljiva-lakoca-baljezganja\/\" target=\"_blank\" rel=\"noopener\">Pe\u0161\u010danik.net <\/a><\/p>\n","protected":false},"excerpt":{"rendered":"<p>Vlast je, dakle, uspela da stvori kontekst u kojem mo\u017ee bez ikakvih posledica u\u010diniti bilo \u0161ta \u2013 \u010dak i stvari neuporedivo smelije od bilo \u010dega \u0161to bi mogla ili \u017eelela u\u010diniti opozicija<\/p>\n","protected":false},"author":1,"featured_media":0,"comment_status":"open","ping_status":"closed","sticky":false,"template":"","format":"standard","meta":{"_seopress_robots_primary_cat":"","_seopress_titles_title":"","_seopress_titles_desc":"","_seopress_robots_index":"","_et_pb_use_builder":"","_et_pb_old_content":"","_et_gb_content_width":"","inline_featured_image":false,"footnotes":""},"categories":[5],"tags":[],"class_list":["post-265530","post","type-post","status-publish","format-standard","hentry","category-drugi-pisu"],"_links":{"self":[{"href":"https:\/\/www.pcnen.com\/portal\/wp-json\/wp\/v2\/posts\/265530","targetHints":{"allow":["GET"]}}],"collection":[{"href":"https:\/\/www.pcnen.com\/portal\/wp-json\/wp\/v2\/posts"}],"about":[{"href":"https:\/\/www.pcnen.com\/portal\/wp-json\/wp\/v2\/types\/post"}],"author":[{"embeddable":true,"href":"https:\/\/www.pcnen.com\/portal\/wp-json\/wp\/v2\/users\/1"}],"replies":[{"embeddable":true,"href":"https:\/\/www.pcnen.com\/portal\/wp-json\/wp\/v2\/comments?post=265530"}],"version-history":[{"count":0,"href":"https:\/\/www.pcnen.com\/portal\/wp-json\/wp\/v2\/posts\/265530\/revisions"}],"wp:attachment":[{"href":"https:\/\/www.pcnen.com\/portal\/wp-json\/wp\/v2\/media?parent=265530"}],"wp:term":[{"taxonomy":"category","embeddable":true,"href":"https:\/\/www.pcnen.com\/portal\/wp-json\/wp\/v2\/categories?post=265530"},{"taxonomy":"post_tag","embeddable":true,"href":"https:\/\/www.pcnen.com\/portal\/wp-json\/wp\/v2\/tags?post=265530"}],"curies":[{"name":"wp","href":"https:\/\/api.w.org\/{rel}","templated":true}]}}