{"id":265471,"date":"2019-05-04T20:26:58","date_gmt":"2019-05-04T18:26:58","guid":{"rendered":"http:\/\/www.pcnen.com\/portal\/?p=265471"},"modified":"2019-05-04T20:26:58","modified_gmt":"2019-05-04T18:26:58","slug":"povremeno-kisa-pljuskovi-i-grmljavina-2","status":"publish","type":"post","link":"https:\/\/www.pcnen.com\/portal\/2019\/05\/04\/povremeno-kisa-pljuskovi-i-grmljavina-2\/","title":{"rendered":"Povremeno ki\u0161a, pljuskovi i grmljavina"},"content":{"rendered":"<p><img loading=\"lazy\" decoding=\"async\" class=\"alignright size-medium wp-image-157609\" src=\"http:\/\/www.pcnen.com\/portal\/wp-content\/uploads\/2014\/09\/kisa-300x163.jpg\" alt=\"\" width=\"300\" height=\"163\" \/>U nedjelju \u0107e biti umjereno do potpuno obla\u010dno, a povremeno \u0107e biti ki\u0161e, pljuskova i grmljavine.<\/p>\n<p>Vi\u0161e padavina bi\u0107e u ju\u017enim i centralnim krajevima Crne Gore, prvenstveno tokom jutra i prijepodneva. Ponegdje se o\u010dekuju i obilniji pljuskovi.<\/p>\n<p>Ju\u017eni vjetar \u0107e mjestimi\u010dno biti umjeren do poja\u010dan, ponegdje i jak.<\/p>\n<p>Jutarnja temperatura vazduha bi\u0107e u rasponu od 4 do 14, a najvi\u0161a dnevna od 11 do 21 stepen.<\/p>\n<p>U Podgorici \u0107e povremeno biti ki\u0161e, pljuskova i grmljavine, naro\u010dito tokom jutra i prijepodneva, a onda ponovo krajem dana i tokom no\u0107i. Vjetar s juga bi\u0107e povremeno umjeren. Jutarnja temperatura vazduha bi\u0107e oko 13, a najvi\u0161a dnevna do 19 stepeni.<\/p>\n<p><a href=\"http:\/\/www.meteo.co.me\/misc.php?text=121&amp;sektor=1&amp;grad=PLJ\">Prognoza za ostale gradove.<\/a><\/p>\n","protected":false},"excerpt":{"rendered":"<p>Vi\u0161e padavina bi\u0107e u ju\u017enim i centralnim krajevima Crne Gore<\/p>\n","protected":false},"author":1,"featured_media":0,"comment_status":"open","ping_status":"closed","sticky":false,"template":"","format":"standard","meta":{"_seopress_robots_primary_cat":"","_seopress_titles_title":"","_seopress_titles_desc":"","_seopress_robots_index":"","_et_pb_use_builder":"","_et_pb_old_content":"","_et_gb_content_width":"","inline_featured_image":false,"footnotes":""},"categories":[14,12],"tags":[],"class_list":["post-265471","post","type-post","status-publish","format-standard","hentry","category-vijesti","category-prica-dana"],"_links":{"self":[{"href":"https:\/\/www.pcnen.com\/portal\/wp-json\/wp\/v2\/posts\/265471","targetHints":{"allow":["GET"]}}],"collection":[{"href":"https:\/\/www.pcnen.com\/portal\/wp-json\/wp\/v2\/posts"}],"about":[{"href":"https:\/\/www.pcnen.com\/portal\/wp-json\/wp\/v2\/types\/post"}],"author":[{"embeddable":true,"href":"https:\/\/www.pcnen.com\/portal\/wp-json\/wp\/v2\/users\/1"}],"replies":[{"embeddable":true,"href":"https:\/\/www.pcnen.com\/portal\/wp-json\/wp\/v2\/comments?post=265471"}],"version-history":[{"count":0,"href":"https:\/\/www.pcnen.com\/portal\/wp-json\/wp\/v2\/posts\/265471\/revisions"}],"wp:attachment":[{"href":"https:\/\/www.pcnen.com\/portal\/wp-json\/wp\/v2\/media?parent=265471"}],"wp:term":[{"taxonomy":"category","embeddable":true,"href":"https:\/\/www.pcnen.com\/portal\/wp-json\/wp\/v2\/categories?post=265471"},{"taxonomy":"post_tag","embeddable":true,"href":"https:\/\/www.pcnen.com\/portal\/wp-json\/wp\/v2\/tags?post=265471"}],"curies":[{"name":"wp","href":"https:\/\/api.w.org\/{rel}","templated":true}]}}