{"id":265446,"date":"2019-05-04T14:44:45","date_gmt":"2019-05-04T12:44:45","guid":{"rendered":"http:\/\/www.pcnen.com\/portal\/?p=265446"},"modified":"2019-05-04T14:44:45","modified_gmt":"2019-05-04T12:44:45","slug":"napadnut-centar-za-lgbtiq-zajednicu-u-podgorici","status":"publish","type":"post","link":"https:\/\/www.pcnen.com\/portal\/2019\/05\/04\/napadnut-centar-za-lgbtiq-zajednicu-u-podgorici\/","title":{"rendered":"Napadnut Centar za LGBTIQ zajednicu u Podgorici"},"content":{"rendered":"<p><img loading=\"lazy\" decoding=\"async\" class=\"alignright size-full wp-image-57912\" src=\"http:\/\/www.pcnen.com\/portal\/wp-content\/uploads\/2011\/08\/LGBT-ilustracija.jpeg\" alt=\"\" width=\"261\" height=\"193\" \/>Dvojica nepoznatih mu\u0161karaca su sino\u0107 oko 23.30 napali prostorije Centra za LGBTIQ zajednicu, koji se nalazi u centru Podgorice.<\/p>\n<p>U tom trenutku, u LGBTIQ Centru je bilo prisutno oko 50 LGBTIQ osoba, uglavnom uzrasta od 18 do 25 godina, koje su prisustvovale tematskom dru\u017eenju koje su LGBT Forum Progres i LGBTIQ Socijalni Centar organizovali, saop\u0161teno je iz pomenutih organizacija, uz napomenu da, sre\u0107om, niko niko nije povrije\u0111en, \u201cali su svi bili zna\u010dajno uznemireni i potre\u0161eni\u201c.<\/p>\n<p>\u201cOvaj napad u gotovo samom centru Podgorice jasno govori o tome koliko je LGBTIQ zajednica u Crnoj Gori u stvari i dalje na meti mr\u017enje i nasilja. Iako smo dosta napredovali od 2010. godine, kada je LGBTIQ pokret zapo\u010deo u Crnoj Gori, sino\u0107ni napad i svi drugi napadi na LGBTIQ osobe koji se de\u0161avaju su pravo mjerilo koliko je LGBTIQ zajednica realno nebezbjedna u svojoj zemlji. Bez obzira \u0161to neka istra\u017eivanja ukazuju na to da je stopa prihvatanja LGBTIQ osoba &#8216;zna\u010dajno&#8217; porasla, realno stanje stvari je i dalje daleko od prihvataju\u0107eg i sigurnog za LGBTIQ zajednicu. Podsje\u0107amo da je prethodni centar za LGBTIQ zajednicu, koji se nalazio u Moskovskoj ulici, u periodu od 2013. do 2016. godine bio napadnut nekoliko desetina puta, dok je ovo prvi i, nadamo se jedini napad na novi Centar\u201c, navedeno je u saop\u0161tenju koje su potpisali LGBT Forum Progres, LGBTIQ Socijalni Centar i\u00a0 Koletiv Centra za LGBTIQ osobe.<\/p>\n","protected":false},"excerpt":{"rendered":"<p>Sre\u0107om, niko niko nije povrije\u0111en, \u201cali su svi bili zna\u010dajno uznemireni i potre\u0161eni\u201c<\/p>\n","protected":false},"author":1,"featured_media":0,"comment_status":"open","ping_status":"closed","sticky":false,"template":"","format":"standard","meta":{"_seopress_robots_primary_cat":"","_seopress_titles_title":"","_seopress_titles_desc":"","_seopress_robots_index":"","_et_pb_use_builder":"","_et_pb_old_content":"","_et_gb_content_width":"","inline_featured_image":false,"footnotes":""},"categories":[14,12],"tags":[],"class_list":["post-265446","post","type-post","status-publish","format-standard","hentry","category-vijesti","category-prica-dana"],"_links":{"self":[{"href":"https:\/\/www.pcnen.com\/portal\/wp-json\/wp\/v2\/posts\/265446","targetHints":{"allow":["GET"]}}],"collection":[{"href":"https:\/\/www.pcnen.com\/portal\/wp-json\/wp\/v2\/posts"}],"about":[{"href":"https:\/\/www.pcnen.com\/portal\/wp-json\/wp\/v2\/types\/post"}],"author":[{"embeddable":true,"href":"https:\/\/www.pcnen.com\/portal\/wp-json\/wp\/v2\/users\/1"}],"replies":[{"embeddable":true,"href":"https:\/\/www.pcnen.com\/portal\/wp-json\/wp\/v2\/comments?post=265446"}],"version-history":[{"count":0,"href":"https:\/\/www.pcnen.com\/portal\/wp-json\/wp\/v2\/posts\/265446\/revisions"}],"wp:attachment":[{"href":"https:\/\/www.pcnen.com\/portal\/wp-json\/wp\/v2\/media?parent=265446"}],"wp:term":[{"taxonomy":"category","embeddable":true,"href":"https:\/\/www.pcnen.com\/portal\/wp-json\/wp\/v2\/categories?post=265446"},{"taxonomy":"post_tag","embeddable":true,"href":"https:\/\/www.pcnen.com\/portal\/wp-json\/wp\/v2\/tags?post=265446"}],"curies":[{"name":"wp","href":"https:\/\/api.w.org\/{rel}","templated":true}]}}