{"id":265431,"date":"2019-05-04T19:45:13","date_gmt":"2019-05-04T17:45:13","guid":{"rendered":"http:\/\/www.pcnen.com\/portal\/?p=265431"},"modified":"2019-05-04T19:55:15","modified_gmt":"2019-05-04T17:55:15","slug":"tribina-durmitorci-ne-zele-da-se-zamjere-unesko-u","status":"publish","type":"post","link":"https:\/\/www.pcnen.com\/portal\/2019\/05\/04\/tribina-durmitorci-ne-zele-da-se-zamjere-unesko-u\/","title":{"rendered":"Tribina: Durmitorci ne \u017eele da se zamjere UNESKO-u"},"content":{"rendered":"<p><img loading=\"lazy\" decoding=\"async\" class=\"alignright size-medium wp-image-74445\" src=\"http:\/\/www.pcnen.com\/portal\/wp-content\/uploads\/2012\/02\/\u017dabljak-i-Durmitor-300x198.jpg\" alt=\"\" width=\"300\" height=\"198\" \/>Na \u017dabljaku je malo prije zavr\u0161ena skoro troiposatna <a href=\"https:\/\/www.facebook.com\/369497966974306\/videos\/404962617014252\/?hc_ref=ARQotyBzsl1DsesDYj9-CZWRGCzwP-LceWj8FzBNQMtJK5TUUlr-ityaIAPJKko0DeE&amp;fref=gs&amp;dti=1595878313983509&amp;hc_location=group\">tribina<\/a> na kojoj je u fokusu pa\u017enje bila ideja o gradnji nove \u017ei\u010dare na padinama Durmitora, neposredno do postoje\u0107e stare na Savinom kuku, koja bi mogla ugroziti ostanak NP Durmitor na listi UNESKO svjetske pa\u0161tine.<\/p>\n<p>Ve\u0107ina prisutnih se protivi gradnji nove \u017ei\u010dare i upozorava da se novi razvoj ovog kraja mora uskla\u0111ivati sa vrijednostima koje je svijet prepoznao i valorizovao, a ne nasuprot njima. Umjesto nove \u017ei\u010dare, zalo\u017eili su se za rekonstrukciju stare na Savinom kuku i obnovu skijali\u0161ta na drugom dijelu Durmitora, na osojnim padinama \u0160tuoca, gdje je nekada postala \u017ei\u010dara i gdje su stari projekti, koje su radili stru\u010dnjaci iz Slovenije, sugerisali gradnju skijali\u0161ta.<\/p>\n<p>Gradnja nove \u017ei\u010dare, kao i ideja o gradnji bungalova na Crnom jezeru, do \u017eitelja \u017dabljaka i ostale zainteresovane javnosti do\u0161la je u formi poluinformacija i spekulacija, pa je dana\u0161nja tribina bila u funkciji objektivnog i sveobuhvatnog informisanja.<\/p>\n<p>Dana\u0161nje Vijesti su objavile tekst u kome je na po\u010detku re\u010deno da bi bilo kakva gradnja u podru\u010dju Nacionalnog parka &#8216;Durmitor&#8217; mogla dovesti do izbacivanja tog NP sa svjetske liste za\u0161ti\u0107enih podru\u010dja, na \u0161ta su, navodno, \u010dlanovi misije UNESCO, u novembru 2018, na \u017dabljaku, upozorili predstavnike Op\u0161tine, Ministarstva odr\u017eivog razvoja i turizma, JP Nacionalni parkovi Crne Gore i Agencije za za\u0161titu \u017eivotne sredine.<\/p>\n<p>To su Vijestima saop\u0161tili predstavnici gra\u0111ana \u017dabljaka i NVU Turisti\u010dko udru\u017eenje \u017dabljak, koji su od nadle\u017enih tra\u017eili da ih informi\u0161u \u0161to se de\u0161avalo u novembru u zgradi Op\u0161tine \u017dabljak.<\/p>\n<p>\u201cDobili smo informacije da su na tom sastanku iznesene veoma jasne i nedvosmislene smjernice zvani\u010dnika misije UNESCO da u zoni NP \u2018Durmitor\u2019 nije dozvoljena gradnja, samim tim ni postavljanje bungalova i prate\u0107ih sadr\u017eaja u reonu Crnog jezera, kao ni pro\u0161irenje ski-centra na Savinom kuku, nego samo zamjena postoje\u0107ih \u017ei\u010dara\u201d,<a href=\"https:\/\/www.vijesti.me\/vijesti\/drustvo\/vodi-li-i-nova-zicara-do-brisanja-np-durmitor-sa-liste-unesco-a\"> saop\u0161tili su oni Vijestima.<\/a><\/p>\n","protected":false},"excerpt":{"rendered":"<p>Na \u017dabljaku je malo prije zavr\u0161ena skoro troiposatna tribina na kojoj je u fokusu pa\u017enje bila ideja o gradnji nove \u017ei\u010dare na padinama Durmitora, neposredno do postoje\u0107e stare na Savinom kuku, koja bi mogla ugroziti ostanak NP Durmitor na listi UNESKO svjetske pa\u0161tine. Ve\u0107ina prisutnih se protivi gradnji nove \u017ei\u010dare i upozorava da se novi [&hellip;]<\/p>\n","protected":false},"author":1,"featured_media":0,"comment_status":"open","ping_status":"closed","sticky":false,"template":"","format":"standard","meta":{"_seopress_robots_primary_cat":"","_seopress_titles_title":"","_seopress_titles_desc":"","_seopress_robots_index":"","_et_pb_use_builder":"","_et_pb_old_content":"","_et_gb_content_width":"","inline_featured_image":false,"footnotes":""},"categories":[14,12],"tags":[],"class_list":["post-265431","post","type-post","status-publish","format-standard","hentry","category-vijesti","category-prica-dana"],"_links":{"self":[{"href":"https:\/\/www.pcnen.com\/portal\/wp-json\/wp\/v2\/posts\/265431","targetHints":{"allow":["GET"]}}],"collection":[{"href":"https:\/\/www.pcnen.com\/portal\/wp-json\/wp\/v2\/posts"}],"about":[{"href":"https:\/\/www.pcnen.com\/portal\/wp-json\/wp\/v2\/types\/post"}],"author":[{"embeddable":true,"href":"https:\/\/www.pcnen.com\/portal\/wp-json\/wp\/v2\/users\/1"}],"replies":[{"embeddable":true,"href":"https:\/\/www.pcnen.com\/portal\/wp-json\/wp\/v2\/comments?post=265431"}],"version-history":[{"count":0,"href":"https:\/\/www.pcnen.com\/portal\/wp-json\/wp\/v2\/posts\/265431\/revisions"}],"wp:attachment":[{"href":"https:\/\/www.pcnen.com\/portal\/wp-json\/wp\/v2\/media?parent=265431"}],"wp:term":[{"taxonomy":"category","embeddable":true,"href":"https:\/\/www.pcnen.com\/portal\/wp-json\/wp\/v2\/categories?post=265431"},{"taxonomy":"post_tag","embeddable":true,"href":"https:\/\/www.pcnen.com\/portal\/wp-json\/wp\/v2\/tags?post=265431"}],"curies":[{"name":"wp","href":"https:\/\/api.w.org\/{rel}","templated":true}]}}