{"id":265419,"date":"2019-05-04T11:39:25","date_gmt":"2019-05-04T09:39:25","guid":{"rendered":"http:\/\/www.pcnen.com\/portal\/?p=265419"},"modified":"2019-05-04T12:16:25","modified_gmt":"2019-05-04T10:16:25","slug":"foca-svecano-otvaranje-obnovljene-aladza-dzamije","status":"publish","type":"post","link":"https:\/\/www.pcnen.com\/portal\/2019\/05\/04\/foca-svecano-otvaranje-obnovljene-aladza-dzamije\/","title":{"rendered":"Sve\u010dano otvaranje obnovljene Alad\u017ea d\u017eamije"},"content":{"rendered":"<p>Obnovljena <a href=\"https:\/\/bs.wikipedia.org\/wiki\/Alad%C5%BEa_d%C5%BEamija\">Alad\u017ea d\u017eamija<\/a> u Fo\u010di danas \u0107e sve\u010dano biti otvorena \u0161to \u0107e ujedno biti centralni doga\u0111aj obilje\u017eavanja Dana d\u017eamija u BiH &#8211; 7. maja, najavljeno je iz Organizacionog odbora sve\u010danog otvaranja.<\/p>\n<p>https:\/\/youtube.com\/watch?v=2tsUKMJJN-k<\/p>\n<p>Na otvaranju se o\u010dekuje prisustvo velikog broja vjernika iz cijele BiH, kao i prisustvo visokih doma\u0107ih i me\u0111unarodnih zvani\u010dnika, prenosi Srna.<\/p>\n<p>Alad\u017ea ili u prevodu \u0160arena d\u017eamija izgra\u0111ena je za vrijeme turske vladavine, 1549. godine, prije 470 godina.<\/p>\n<p>Vlasti bosanskih Srba su 1992. godine minirale Alad\u017eu d\u017eamiju, a zatim njene ostatke zatrpale zemljom na gradskim smetli\u0161tima.<\/p>\n<p>U oktobru pro\u0161le godine, Tu\u017eila\u0161tvo BiH je podigao optu\u017enicu protiv Gorana Mojovi\u0107a, koji se tereti za zlo\u010din protiv \u010dovje\u010dnosti. Prema optu\u017enici, on je 2. augusta 1992. postupao protivno odredbama \u017denevske konvencije o za\u0161titi kulturnih dobara u slu\u010daju oru\u017eanih sukoba, tako \u0161to je postavljenjem eksploziva i izazivanjem eksplozije u potpunosti uni\u0161tio kulturno-istorijski i religijski spomenik Alad\u017ea d\u017eamija, koji je bio namijenjen religijskim, odgojnim i kulturnim ciljevima i potrebama Bo\u0161njaka.<\/p>\n<p>Postavljanje i aktiviranje esploziva, optu\u017eeni je izvr\u0161io sa jo\u0161 jednim vojnikom, koji je poginuo 1993. godine.<\/p>\n<p>Med\u017elis Islamske zajednice Fo\u010da je u gradu do 1992. godine imao 12 d\u017eamija. Sve su poru\u0161ene, minirane, a njihovi ostaci su uklonjeni. Dosad su obnovljene i otvorene Atik Ali-pa\u0161ina d\u017eamija i Careva d\u017eamija.<\/p>\n<p>Umjetni\u010dka vrijednost i ljepota Alad\u017ea d\u017eamije posebno se ogleda u bogatstvu \u0161ara i arabeski koje krase njenu unutra\u0161njost, zbog \u010dega i nosi naziv \u0160arena d\u017eamija.<\/p>\n<p>Alad\u017ea je jedan od simbola Fo\u010de i na listi je svjetske ba\u0161tine UNESKO.<\/p>\n","protected":false},"excerpt":{"rendered":"<p>Obnovljena Alad\u017ea d\u017eamija u Fo\u010di danas \u0107e sve\u010dano biti otvorena \u0161to \u0107e ujedno biti centralni doga\u0111aj obilje\u017eavanja Dana d\u017eamija u BiH &#8211; 7. maja, najavljeno je iz Organizacionog odbora sve\u010danog otvaranja. https:\/\/youtube.com\/watch?v=2tsUKMJJN-k Na otvaranju se o\u010dekuje prisustvo velikog broja vjernika iz cijele BiH, kao i prisustvo visokih doma\u0107ih i me\u0111unarodnih zvani\u010dnika, prenosi Srna. Alad\u017ea ili [&hellip;]<\/p>\n","protected":false},"author":1,"featured_media":265434,"comment_status":"open","ping_status":"closed","sticky":false,"template":"","format":"standard","meta":{"_seopress_robots_primary_cat":"","_seopress_titles_title":"","_seopress_titles_desc":"","_seopress_robots_index":"","_et_pb_use_builder":"","_et_pb_old_content":"","_et_gb_content_width":"","inline_featured_image":false,"footnotes":""},"categories":[14,12],"tags":[],"class_list":["post-265419","post","type-post","status-publish","format-standard","has-post-thumbnail","hentry","category-vijesti","category-prica-dana"],"_links":{"self":[{"href":"https:\/\/www.pcnen.com\/portal\/wp-json\/wp\/v2\/posts\/265419","targetHints":{"allow":["GET"]}}],"collection":[{"href":"https:\/\/www.pcnen.com\/portal\/wp-json\/wp\/v2\/posts"}],"about":[{"href":"https:\/\/www.pcnen.com\/portal\/wp-json\/wp\/v2\/types\/post"}],"author":[{"embeddable":true,"href":"https:\/\/www.pcnen.com\/portal\/wp-json\/wp\/v2\/users\/1"}],"replies":[{"embeddable":true,"href":"https:\/\/www.pcnen.com\/portal\/wp-json\/wp\/v2\/comments?post=265419"}],"version-history":[{"count":0,"href":"https:\/\/www.pcnen.com\/portal\/wp-json\/wp\/v2\/posts\/265419\/revisions"}],"wp:featuredmedia":[{"embeddable":true,"href":"https:\/\/www.pcnen.com\/portal\/wp-json\/wp\/v2\/media\/265434"}],"wp:attachment":[{"href":"https:\/\/www.pcnen.com\/portal\/wp-json\/wp\/v2\/media?parent=265419"}],"wp:term":[{"taxonomy":"category","embeddable":true,"href":"https:\/\/www.pcnen.com\/portal\/wp-json\/wp\/v2\/categories?post=265419"},{"taxonomy":"post_tag","embeddable":true,"href":"https:\/\/www.pcnen.com\/portal\/wp-json\/wp\/v2\/tags?post=265419"}],"curies":[{"name":"wp","href":"https:\/\/api.w.org\/{rel}","templated":true}]}}