{"id":265406,"date":"2019-05-04T07:01:51","date_gmt":"2019-05-04T05:01:51","guid":{"rendered":"http:\/\/www.pcnen.com\/portal\/?p=265406"},"modified":"2019-05-03T23:02:37","modified_gmt":"2019-05-03T21:02:37","slug":"je-li-paneuropska-radikalna-desnica-kontradikcija-u-pojmovima-2","status":"publish","type":"post","link":"https:\/\/www.pcnen.com\/portal\/2019\/05\/04\/je-li-paneuropska-radikalna-desnica-kontradikcija-u-pojmovima-2\/","title":{"rendered":"Je li paneuropska radikalna desnica kontradikcija u pojmovima?"},"content":{"rendered":"<p><strong><img loading=\"lazy\" decoding=\"async\" class=\"alignright size-medium wp-image-185793\" src=\"http:\/\/www.pcnen.com\/portal\/wp-content\/uploads\/2015\/07\/Evropa-300x224.jpg\" alt=\"\" width=\"300\" height=\"224\" \/>Pi\u0161e: Dan Stone<\/strong><\/p>\n<p>Petoga travnja objavljeno je da je Matteo Salvini, \u010delnik talijanske Lige (biv\u0161a Sjeverna liga) i kontroverzni zamjenik premijera, pozvao \u010delnike europskih desni\u010darskih stranaka na konferenciju u Milanu, zakazanu za 8. travnja (konferencija je\u00a0 me\u0111uvremenu odr\u017eana, op. prev.) Salvinijev cilj je stvoriti blok desnih populista koji bi bio ve\u0107i od grupacije Europa nacija i slobode (ENF) u Europskom parlamentu. ENF je najmanja skupina u parlamentu, s 36 poslanika, dok Salvini o\u010dito \u017eeli ne\u0161to vi\u0161e.<\/p>\n<p>Kakve su mu \u0161anse za uspjeh? Mo\u017eda bi mu najve\u0107i uspjeh bio privu\u0107i Viktora Orbana, ma\u0111arskog krajnje desnog premijera, koji (jo\u0161) nije izba\u010den iz Europske narodne stranke (EPP), iako je bio cenzuriran zbog poku\u0161aja da Ma\u0111arsku usmjeri u pravcu autoritarizma (ili kako on to zove \u2013 \u2018neliberalna demokracija\u2019).<\/p>\n<p>Iako je njema\u010dka stranka Alternative f\u00fcr Deutschland (AfD) potvrdila da \u0161alje predstavnika, Marine Le Pen iz francuskog Nacionalnog fronta rekla je da ne\u0107e prisustvovati. Le Pen je bila doma\u0107in sli\u010dnoga sastanka u Nici 2018., na kojem su bili prisutni Geert Wilders iz nizozemske Stranke za slobodu i nekoliko drugih utjecajnih radikalno desnih govornika. Taj doga\u0111aj pokazao je kako te\u0161ko \u0107e biti stvoriti paneuropski blok radikalne desnice.<\/p>\n<p><strong>Slavljenje nacije<\/strong><\/p>\n<p>To nas ne bi trebalo iznenaditi. Temelj ideologije radikalne desnice je glorifikacija nacije \u2013 pri\u010da o iznimnosti i superiornosti koja neizbje\u017eno sukobljava\u00a0 nacionaliste iz razli\u010ditih zemalja. Jedno je automobilom pre\u0107i europske granice kako bi prisustvovali doga\u0111aju koji promovira krv i \u010dast; stvaranje funkcionlne paneuropske radikalne desnice ne\u0161to je sasvim drugo.<\/p>\n<p>Kao \u0161to je nedavno pisao David Barnes, pri\u010de o europskoj civilizaciji su uobi\u010dajene i te\u0161ko odr\u017eive. Argumentacija Oswalda Mosleya, koji nakon Drugog svjetskog rata zagovara \u201cEuropu kao naciju\u201c i koja dijeli mnoge sli\u010dnosti s dana\u0161njim antiimigrantskim diskursom Salvinija i njemu sli\u010dnih, nema \u0161iru podr\u0161ku unato\u010d \u010dinjenici da je ideja Europe koja ima homogeno rasno i kulturno podrijetlo \u0161iroko rasprostranjena me\u0111u radikalnim desni\u010darskim pokretima diljem kontinenta.<\/p>\n<p>Osim toga, u dana\u0161njoj Europi, dok pojedini radikalni desni\u010dari poput Salvinija hvale Ruse i podr\u017eavaju \u017eelju Kremlja da destabilizira Europsku uniju, drugi poput Jaros\u0142awa Kaczy\u0144skog i njegove Stranke prava i pravde u Poljskoj \u2013 unato\u010d tome \u0161to podr\u017eavaju Salvinijev cilj o zaustavljanju Njema\u010dko-Francuske \u2018osovine\u2019 u Europi \u2013 dolaze s vrlo razli\u010ditom perspektivom. U konkretnom slu\u010daju, s tradicionalnim poljskim sumnjama spram Rusije i njenih namjera.<\/p>\n<p>Nadalje, neki politi\u010dari kao \u0161to su Geert Wilders i, u odre\u0111enoj mjeri, njegov novi suparnik Thierry Baudet iz Foruma za demokraciju (\u010dija je sklonost ka pompeznosti\u00a0 ve\u0107 postala poznata)\u00a0 govore o obrani europske slobode od navodne islamisti\u010dke invazije, dok su drugi poput Orb\u00e1na i Le Pen u tom smislu konzervativniji.<\/p>\n<p>Me\u0111utim, iako europski radikalni desni\u010dari dijele neke osnovne ideje poput vjere u potrebu obrane \u2018bijele rase\u2019, mr\u017enju prema islamu, \u017eelju da se zaustavi imigracija i ultranacionalisti\u010dke stavove, te\u0161ko je vidjeti na koji na\u010din bi njihovo jedinstvo moglo pre\u017eiviti sukob razli\u010ditih nacionalizama na konferencijama poput Salvinijeve.<\/p>\n<p>Ve\u0107 smo bili ovdje. Izme\u0111u dva svjetska rata nekoliko puta je poku\u0161ano stvaranje \u2018fa\u0161isti\u010dke internacionale\u2019. Povjesni\u010dari koji su nedavno proveli istra\u017eivanje \u201ctransnacionalnog fa\u0161izma\u201d \u2013 Federico Finchelstein, Aristotle Kallis i Arnd Bauerk\u00e4mper \u2013 pokazali su u kojoj mjeri su se fa\u0161isti\u010dke ideje i osobe tada pro\u0161irili Europom i \u0161ire (na primjer u Americi): toliko da su se \u010desto podudarale fa\u0161isti\u010dka ideologija i praksa.<\/p>\n<p>Kao primjere mo\u017eemo uzeti fa\u0161isti\u010dku estetiku, rasnu ideologiju ili kampove za obuku. Fa\u0161isti\u010dke vo\u0111e poput Mosleya ili Coreneliu Codreanua bili su inspirirani i odani Musoliniju. Fa\u0161isti\u010dka Italija i nacisti\u010dka Njema\u010dka uspostavile su jedan \u2018nelagodni savez\u2019. No, mo\u017eemo analizirati koliko ho\u0107emo. Prije ili kasnije uvidjet \u0107emo da se takva savezni\u0161tva mogu pokrenuti ali ih je te\u0161ko odr\u017eati. Razli\u010dite skupine, sa svojim suparni\u010dkim nacionalizmima, nasukale su se na stijene me\u0111usobne sumnje.<\/p>\n<p><strong>Transnacionalni fa\u0161izam<\/strong><\/p>\n<p>Mo\u017eda su razmjenjivali ideje, \u0161to jeste jedna vrsta transnacionalnog fa\u0161izma, ali definitivno nije bilo nikakve \u2018fa\u0161isti\u010dke internacionale\u2019. Poku\u0161aji pozivanja na \u2018osnovni europeizam\u2019, fokusiran na rasnu pripadnost i urotni\u010dki antisemitizam pokazali su se povijesno nedovoljnima za mobilizaciju i odr\u017eavanje koherentnosti na cijelom kontinentu, dok se nacionalizam pokazao daleko mo\u0107nijim kao kohezivna snaga izgradnje identiteta. Mo\u017eda su nacisti do\u0161li najbli\u017ee idealu fa\u0161isti\u010dke internacionale \u2013 vi\u0161enacionalnim sastavom SS-a (premda ta me\u0111unarodna komponenta nije bila posebno velika) i rasnom ideologijom koja je nai\u0161la na podr\u0161ku u svim europskim zemljama. Ipak, na kraju, kako pi\u0161u Bauerk\u00e4mper i Grzegorz Rossoli\u0144ski-Liebe, \u201evizija fa\u0161isti\u010dke Europe pokazala se kao nedosanjani san. Fa\u0161isti su definitivno imali razli\u010dite verzije europskog jedinstva\u201c.<\/p>\n<p>Dana\u0161nji promatra\u010di radikalne desnice mogu se nadati da ne\u0107e biti druga\u010dije ni nakon sastanka u Milanu gdje su se na\u0161li nasljednici \u201cklasi\u010dnog fa\u0161izma\u201d.<\/p>\n<p><a href=\"https:\/\/digitalnademokracija.com\/2019\/04\/22\/je-li-paneuropska-radikalna-desnica-kontradikcija-u-pojmovima\/\">Digitalna demokracija<\/a>\/<a href=\"https:\/\/www.opendemocracy.net\/en\/can-europe-make-it\/a-pan-european-radical-right-contradiction-in-terms\/\">OpenDemocracy<\/a><\/p>\n","protected":false},"excerpt":{"rendered":"<p>Jedno je automobilom pre\u0107i europske granice kako bi prisustvovali doga\u0111aju koji promovira krv i \u010dast; stvaranje funkcionlne paneuropske radikalne desnice ne\u0161to je sasvim drugo<\/p>\n","protected":false},"author":1,"featured_media":0,"comment_status":"open","ping_status":"closed","sticky":false,"template":"","format":"standard","meta":{"_seopress_robots_primary_cat":"","_seopress_titles_title":"","_seopress_titles_desc":"","_seopress_robots_index":"","_et_pb_use_builder":"","_et_pb_old_content":"","_et_gb_content_width":"","inline_featured_image":false,"footnotes":""},"categories":[5],"tags":[],"class_list":["post-265406","post","type-post","status-publish","format-standard","hentry","category-drugi-pisu"],"_links":{"self":[{"href":"https:\/\/www.pcnen.com\/portal\/wp-json\/wp\/v2\/posts\/265406","targetHints":{"allow":["GET"]}}],"collection":[{"href":"https:\/\/www.pcnen.com\/portal\/wp-json\/wp\/v2\/posts"}],"about":[{"href":"https:\/\/www.pcnen.com\/portal\/wp-json\/wp\/v2\/types\/post"}],"author":[{"embeddable":true,"href":"https:\/\/www.pcnen.com\/portal\/wp-json\/wp\/v2\/users\/1"}],"replies":[{"embeddable":true,"href":"https:\/\/www.pcnen.com\/portal\/wp-json\/wp\/v2\/comments?post=265406"}],"version-history":[{"count":0,"href":"https:\/\/www.pcnen.com\/portal\/wp-json\/wp\/v2\/posts\/265406\/revisions"}],"wp:attachment":[{"href":"https:\/\/www.pcnen.com\/portal\/wp-json\/wp\/v2\/media?parent=265406"}],"wp:term":[{"taxonomy":"category","embeddable":true,"href":"https:\/\/www.pcnen.com\/portal\/wp-json\/wp\/v2\/categories?post=265406"},{"taxonomy":"post_tag","embeddable":true,"href":"https:\/\/www.pcnen.com\/portal\/wp-json\/wp\/v2\/tags?post=265406"}],"curies":[{"name":"wp","href":"https:\/\/api.w.org\/{rel}","templated":true}]}}