{"id":265373,"date":"2019-05-03T10:52:07","date_gmt":"2019-05-03T08:52:07","guid":{"rendered":"http:\/\/www.pcnen.com\/portal\/?p=265373"},"modified":"2019-05-03T16:16:17","modified_gmt":"2019-05-03T14:16:17","slug":"ifj-u-toku-2018-ubijeno-95-novinara","status":"publish","type":"post","link":"https:\/\/www.pcnen.com\/portal\/2019\/05\/03\/ifj-u-toku-2018-ubijeno-95-novinara\/","title":{"rendered":"IFJ: U toku 2018. ubijeno 95 novinara"},"content":{"rendered":"<p><img loading=\"lazy\" decoding=\"async\" src=\"http:\/\/www.pcnen.com\/portal\/wp-content\/uploads\/2012\/05\/ubistva_novinara.jpg\" alt=\"\" width=\"260\" height=\"189\" class=\"alignright size-full wp-image-82809\" \/>Najmanje 95 novinara poginulo je na du\u017enosti u toku 2018. godine, saop\u0161tila je Me\u0111unarodna federacija novinara (IFJ), povodom Svjetskog dana slobode medija, 3. maja.<\/p>\n<p>Brojka je ve\u0107a nego 2017. godine, ali je manja nego prethodnih godina kada je do\u0161lo do eskalacije konflikata u Iraku i Siriji.<\/p>\n<p>Najve\u0107i broj poginulih novinara zabilje\u017een je 2006. godine, kada je stradalo 155.<\/p>\n<p>IFJ smatra da su netolerancija prema izvje\u0161tavanju, populizam, kriminal i korupcija faktori koji doprinose atmosferi u kojoj se de\u0161ava da vi\u0161e novinara pogine izvje\u0161tavaju\u0107i o svojim gradovima nego u ratnim zonama.<\/p>\n<p>Ameri\u010dki Komitet za za\u0161titu novinara objavio je podatke o uhap\u0161enim novinarima, a na prvom mjestu je Turska sa 68 pritvorenih novinara u toku 2018. godine.<\/p>\n<p>U Kini se u zatvorima nalazi 47 novinara, u Egiptu 25, a u Saudijskoj Arabiji i Eritreji po 16.<\/p>\n<p>Povodom ovogodi\u0161njeg Svjetskog dana slobode \u0161tampe, Ujedinjene nacije \u017eele da po\u0161alju poruku o va\u017enosti slobodne \u0161tampe za demokratiju, pogotovo u vrijeme izbora.<\/p>\n<p>Generalni sekretar UN Antonio Gutere\u0161 poru\u010dio je da nijedna demokratija nije kompletna bez pristupa transparentnim i pouzdanim informacijama.<\/p>\n<p>Kortni Rad\u0161 iz Komiteta za za\u0161titu novinara istakla je da je retorika protiv novinara postala endemi\u010dna u mnogim dr\u017eavama, naro\u010dito na Filipinima i u SAD.<\/p>\n<p>Reporteri bez granica u izvje\u0161taju o slobodi medija tako\u0111e su opisali situaciju s kojima se novinari suo\u010davaju u SAD kao &#8220;problemati\u010dnu&#8221;.<\/p>\n<p>&#8220;Ameri\u010dki novinari nikada prije nisu bili izlo\u017eeni tolikim pretnjama smr\u0107u, niti su toliko \u010desto tra\u017eili usluge privatnih kompanija za obezbje\u0111enje&#8221;, navodi se u izvje\u0161taju.<\/p>\n","protected":false},"excerpt":{"rendered":"<p>Najmanje 95 novinara poginulo je na du\u017enosti u toku 2018. godine, saop\u0161tila je Me\u0111unarodna federacija novinara (IFJ), povodom Svjetskog dana slobode medija, 3. maja. Brojka je ve\u0107a nego 2017. godine, ali je manja nego prethodnih godina kada je do\u0161lo do eskalacije konflikata u Iraku i Siriji. Najve\u0107i broj poginulih novinara zabilje\u017een je 2006. godine, kada [&hellip;]<\/p>\n","protected":false},"author":1,"featured_media":0,"comment_status":"open","ping_status":"closed","sticky":false,"template":"","format":"standard","meta":{"_seopress_robots_primary_cat":"","_seopress_titles_title":"","_seopress_titles_desc":"","_seopress_robots_index":"","_et_pb_use_builder":"","_et_pb_old_content":"","_et_gb_content_width":"","inline_featured_image":false,"footnotes":""},"categories":[14,12],"tags":[],"class_list":["post-265373","post","type-post","status-publish","format-standard","hentry","category-vijesti","category-prica-dana"],"_links":{"self":[{"href":"https:\/\/www.pcnen.com\/portal\/wp-json\/wp\/v2\/posts\/265373","targetHints":{"allow":["GET"]}}],"collection":[{"href":"https:\/\/www.pcnen.com\/portal\/wp-json\/wp\/v2\/posts"}],"about":[{"href":"https:\/\/www.pcnen.com\/portal\/wp-json\/wp\/v2\/types\/post"}],"author":[{"embeddable":true,"href":"https:\/\/www.pcnen.com\/portal\/wp-json\/wp\/v2\/users\/1"}],"replies":[{"embeddable":true,"href":"https:\/\/www.pcnen.com\/portal\/wp-json\/wp\/v2\/comments?post=265373"}],"version-history":[{"count":0,"href":"https:\/\/www.pcnen.com\/portal\/wp-json\/wp\/v2\/posts\/265373\/revisions"}],"wp:attachment":[{"href":"https:\/\/www.pcnen.com\/portal\/wp-json\/wp\/v2\/media?parent=265373"}],"wp:term":[{"taxonomy":"category","embeddable":true,"href":"https:\/\/www.pcnen.com\/portal\/wp-json\/wp\/v2\/categories?post=265373"},{"taxonomy":"post_tag","embeddable":true,"href":"https:\/\/www.pcnen.com\/portal\/wp-json\/wp\/v2\/tags?post=265373"}],"curies":[{"name":"wp","href":"https:\/\/api.w.org\/{rel}","templated":true}]}}