{"id":265359,"date":"2019-05-03T07:40:45","date_gmt":"2019-05-03T05:40:45","guid":{"rendered":"http:\/\/www.pcnen.com\/portal\/?p=265359"},"modified":"2019-05-03T13:23:21","modified_gmt":"2019-05-03T11:23:21","slug":"media-centar-uzurpacija-nacionalnog-javnog-servisa","status":"publish","type":"post","link":"https:\/\/www.pcnen.com\/portal\/2019\/05\/03\/media-centar-uzurpacija-nacionalnog-javnog-servisa\/","title":{"rendered":"Media centar: Uzurpacija nacionalnog javnog servisa"},"content":{"rendered":"<p><img loading=\"lazy\" decoding=\"async\" class=\"alignright size-medium wp-image-252163\" src=\"http:\/\/www.pcnen.com\/portal\/wp-content\/uploads\/2018\/08\/Media-centar-300x188.jpg\" alt=\"\" width=\"300\" height=\"188\" \/>U saop\u0161tenju izdatom povodom svjetskog Dana slobode medija, Media centar je izrazio \u017ealjenje zbog toga \u0161to \u201cnije u prilici da uka\u017ee na bilo \u0161ta afrmativno \u0161to se ti\u010de medijske sfere, a posebno medijskih sloboda u Crnoj Gori\u201c, ve\u0107 naprotiv.<\/p>\n<p>\u201cDu\u017ee od godinu dana traje uzurpacija nacionalnog javnog medijskog servisa od strane vlasti, koju potvr\u0111uju i posljednje sudske presude o nezakonitim smjenama generalne direktorice RTCG Andrijane Kadije, direktora TVCG Vladana Mi\u0107unovi\u0107a i ure\u0111iva\u010dkog tima TVCG. Uzurpacija je nacionalni javni medij pretvorila u otvoreno propagandno glasilo vlasti i osujetila poku\u0161aj transformacije RTCG u medij koji \u0107e slu\u017eiti gra\u0111anima i gra\u0111ankama i biti etalon profesionalnih i eti\u010dkih novinarskih standarda\u201c, <a href=\"http:\/\/www.pcnen.com\/portal\/2019\/05\/03\/nista-afirmativno-sto-se-tice-medijske-sfere\/\">navedeno je u saop\u0161tenju.<\/a><\/p>\n<p>Media centar je, pored ostalog, podsjetio na to da \u201culoga masovnih medija u demokratskim dru\u0161tvima nije da budu propagandni servis vlasti ili bilo kojeg centra institucionalne mo\u0107i, ve\u0107 da kontroli\u0161u vlast i centre mo\u0107i, a gra\u0111anima i gra\u0111ankama obizbijede istinite i sveobuhvatne informacije o svemu onome \u0161to ih se direktno ili indirektno ti\u010de i uti\u010de na njihove \u017eivote\u201c.<\/p>\n<p>\u201cAko \u017eeli da bude demokratsko dru\u0161tvo, Crna Gora ne smije dalje da favorizuje propagandnu funkciju medija, posebno ne onih koji su u javnom vlasni\u0161tvu\u201c, zaklju\u010duje Media centar.<\/p>\n","protected":false},"excerpt":{"rendered":"<p>U saop\u0161tenju izdatom povodom svjetskog Dana slobode medija, Media centar je izrazio \u017ealjenje zbog toga \u0161to \u201cnije u prilici da uka\u017ee na bilo \u0161ta afrmativno \u0161to se ti\u010de medijske sfere, a posebno medijskih sloboda u Crnoj Gori\u201c, ve\u0107 naprotiv. \u201cDu\u017ee od godinu dana traje uzurpacija nacionalnog javnog medijskog servisa od strane vlasti, koju potvr\u0111uju i [&hellip;]<\/p>\n","protected":false},"author":1,"featured_media":0,"comment_status":"open","ping_status":"closed","sticky":false,"template":"","format":"standard","meta":{"_seopress_robots_primary_cat":"","_seopress_titles_title":"","_seopress_titles_desc":"","_seopress_robots_index":"","_et_pb_use_builder":"","_et_pb_old_content":"","_et_gb_content_width":"","inline_featured_image":false,"footnotes":""},"categories":[14,12],"tags":[],"class_list":["post-265359","post","type-post","status-publish","format-standard","hentry","category-vijesti","category-prica-dana"],"_links":{"self":[{"href":"https:\/\/www.pcnen.com\/portal\/wp-json\/wp\/v2\/posts\/265359","targetHints":{"allow":["GET"]}}],"collection":[{"href":"https:\/\/www.pcnen.com\/portal\/wp-json\/wp\/v2\/posts"}],"about":[{"href":"https:\/\/www.pcnen.com\/portal\/wp-json\/wp\/v2\/types\/post"}],"author":[{"embeddable":true,"href":"https:\/\/www.pcnen.com\/portal\/wp-json\/wp\/v2\/users\/1"}],"replies":[{"embeddable":true,"href":"https:\/\/www.pcnen.com\/portal\/wp-json\/wp\/v2\/comments?post=265359"}],"version-history":[{"count":0,"href":"https:\/\/www.pcnen.com\/portal\/wp-json\/wp\/v2\/posts\/265359\/revisions"}],"wp:attachment":[{"href":"https:\/\/www.pcnen.com\/portal\/wp-json\/wp\/v2\/media?parent=265359"}],"wp:term":[{"taxonomy":"category","embeddable":true,"href":"https:\/\/www.pcnen.com\/portal\/wp-json\/wp\/v2\/categories?post=265359"},{"taxonomy":"post_tag","embeddable":true,"href":"https:\/\/www.pcnen.com\/portal\/wp-json\/wp\/v2\/tags?post=265359"}],"curies":[{"name":"wp","href":"https:\/\/api.w.org\/{rel}","templated":true}]}}