{"id":265355,"date":"2019-05-02T22:26:39","date_gmt":"2019-05-02T20:26:39","guid":{"rendered":"http:\/\/www.pcnen.com\/portal\/?p=265355"},"modified":"2019-05-02T22:26:39","modified_gmt":"2019-05-02T20:26:39","slug":"oblacno-moguca-slaba-kisa","status":"publish","type":"post","link":"https:\/\/www.pcnen.com\/portal\/2019\/05\/02\/oblacno-moguca-slaba-kisa\/","title":{"rendered":"Obla\u010dno, mogu\u0107a slaba ki\u0161a"},"content":{"rendered":"<p><img loading=\"lazy\" decoding=\"async\" src=\"http:\/\/www.pcnen.com\/portal\/wp-content\/uploads\/2017\/04\/oblano-300x183.jpg\" alt=\"\" width=\"300\" height=\"183\" class=\"alignright size-medium wp-image-224509\" \/>U Crnoj Gori \u0107e u petak biti promjenljivo obla\u010dno sa sun\u010danim intervalima. <\/p>\n<p>Tokom dana je ponegdje mogu\u0107a slaba ki\u0161a, a u no\u0107nim satima, u ju\u017enim i zapadnim predjelima, mjestimi\u010dno \u0107e padati ki\u0161a.<\/p>\n<p>Vjetar \u0107e biti umjeren do poja\u010dan, u sjevernim predjelima i na primorju jak, ju\u017eni.<\/p>\n<p>Jutarnja temperatura vazduha kreta\u0107e se od 1 do 12, najvi\u0161a dnevna 12 do 21 stepen.<\/p>\n<p>U Podgorici \u0107e biti pPromjenljivo obla\u010dno sa sun\u010danim intervalima i uglavnom suvo.<br \/>\nKrajem dana i tokom no\u0107i do\u0107i \u0107e do ja\u010deg naobla\u010dnja, a u kasnim satima \u0107e padati slaba ki\u0161a. <\/p>\n<p>Vjetar \u0107e povremeno biti umjeren do poja\u010dan, ju\u017eni i jugoisto\u010dni. <\/p>\n<p>Jutarnja temperatura vazduha bi\u0107e oko 12, najvi\u0161a dnevna do 21 stepen.  <\/p>\n<p><a href=\"http:\/\/www.meteo.co.me\/misc.php?text=121&amp;sektor=1&amp;grad=BER\">Prognoza za ostale gradove.<\/a><\/p>\n","protected":false},"excerpt":{"rendered":"<p>U Crnoj Gori \u0107e u petak biti promjenljivo obla\u010dno sa sun\u010danim intervalima. Tokom dana je ponegdje mogu\u0107a slaba ki\u0161a, a u no\u0107nim satima, u ju\u017enim i zapadnim predjelima, mjestimi\u010dno \u0107e padati ki\u0161a. Vjetar \u0107e biti umjeren do poja\u010dan, u sjevernim predjelima i na primorju jak, ju\u017eni. Jutarnja temperatura vazduha kreta\u0107e se od 1 do 12, [&hellip;]<\/p>\n","protected":false},"author":1,"featured_media":0,"comment_status":"open","ping_status":"closed","sticky":false,"template":"","format":"standard","meta":{"_seopress_robots_primary_cat":"","_seopress_titles_title":"","_seopress_titles_desc":"","_seopress_robots_index":"","_et_pb_use_builder":"","_et_pb_old_content":"","_et_gb_content_width":"","inline_featured_image":false,"footnotes":""},"categories":[14,12],"tags":[],"class_list":["post-265355","post","type-post","status-publish","format-standard","hentry","category-vijesti","category-prica-dana"],"_links":{"self":[{"href":"https:\/\/www.pcnen.com\/portal\/wp-json\/wp\/v2\/posts\/265355","targetHints":{"allow":["GET"]}}],"collection":[{"href":"https:\/\/www.pcnen.com\/portal\/wp-json\/wp\/v2\/posts"}],"about":[{"href":"https:\/\/www.pcnen.com\/portal\/wp-json\/wp\/v2\/types\/post"}],"author":[{"embeddable":true,"href":"https:\/\/www.pcnen.com\/portal\/wp-json\/wp\/v2\/users\/1"}],"replies":[{"embeddable":true,"href":"https:\/\/www.pcnen.com\/portal\/wp-json\/wp\/v2\/comments?post=265355"}],"version-history":[{"count":0,"href":"https:\/\/www.pcnen.com\/portal\/wp-json\/wp\/v2\/posts\/265355\/revisions"}],"wp:attachment":[{"href":"https:\/\/www.pcnen.com\/portal\/wp-json\/wp\/v2\/media?parent=265355"}],"wp:term":[{"taxonomy":"category","embeddable":true,"href":"https:\/\/www.pcnen.com\/portal\/wp-json\/wp\/v2\/categories?post=265355"},{"taxonomy":"post_tag","embeddable":true,"href":"https:\/\/www.pcnen.com\/portal\/wp-json\/wp\/v2\/tags?post=265355"}],"curies":[{"name":"wp","href":"https:\/\/api.w.org\/{rel}","templated":true}]}}