{"id":265328,"date":"2019-05-02T08:59:07","date_gmt":"2019-05-02T06:59:07","guid":{"rendered":"http:\/\/www.pcnen.com\/portal\/?p=265328"},"modified":"2019-05-02T08:59:07","modified_gmt":"2019-05-02T06:59:07","slug":"jovo-martinovic-osuden-sam-za-nepatriotizam","status":"publish","type":"post","link":"https:\/\/www.pcnen.com\/portal\/2019\/05\/02\/jovo-martinovic-osuden-sam-za-nepatriotizam\/","title":{"rendered":"Jovo Martinovi\u0107: Osu\u0111en sam za &#8216;nepatriotizam&#8217;"},"content":{"rendered":"<p><img loading=\"lazy\" decoding=\"async\" class=\"alignright size-full wp-image-212506\" src=\"http:\/\/www.pcnen.com\/portal\/wp-content\/uploads\/2016\/09\/jovo-martinovic.jpg\" alt=\"\" width=\"199\" height=\"199\" \/>Crnogorski istra\u017eiva\u010dki novinar Jovo Martinovi\u0107, koga je podgori\u010dki Vi\u0161i sud &#8211; i pored o\u0161trih kritika uticajnih novinarskih organizacija &#8211; <a href=\"http:\/\/www.pcnen.com\/portal\/2019\/01\/15\/novinar-jovo-martinovic-osuden-na-godinu-i-po-zatvora\/\">osudio na godinu i po zatvora<\/a> zbog navodnog u\u010de\u0161\u0107a u me\u0111unarodnom \u0161vercu droge, rekao je za Glas Amerike da mu se vlast tom presudom odu\u017eila za \u201cnepartriotizam\u201d, jer je odbio da bude njen dou\u0161nik.<\/p>\n<p>Martinovi\u0107 je, u izjavi za <a href=\"https:\/\/www.glasamerike.net\/a\/martinovi%C4%87-osu%C4%91en-sam-jer-sam-odbio-da-budem-dou%C5%A1nik-vlasti\/4899261.html\">Glas Amerike<\/a> povodom Dana slobode medija, ocijenio da je presuda protiv njega \u201cpoliti\u010dka\u201d, kao i da je ona uslijedila nakon \u0161to je odbio \u201ctuce ponuda\u201d da sara\u0111uje sa vlastima i prenosi im informacije od svojih me\u0111unarodnih novinarskih i diplomatskih kontakata.<\/p>\n<p>\u201cRadio sam mnoge pri\u010de i imao dobra poznanstva, novinarska i diplomatska, i odbio sam da sva ta poznanstva i veze sa stranim medijima i diplomatama stavim u slu\u017ebu re\u017eima, to jest odbio sam da budem dou\u0161nik\u201d, rekao je Martinovi\u0107. \u201cTo je od mene tra\u017eeno, kao i od ve\u0107ine drugih (novinara), u direktnom kontaktu, od strane ljudi iz Vlade, dr\u017eavne bezbjednosti, ministarstava&#8230;\u201d<\/p>\n<p>On ka\u017ee da je \u201cnekada to bilo i indirektno, sa slatkim pri\u010dama tipa &#8211; ako poradi\u0161 na tome da se odre\u0111ene teme sakriju ili stave sa strane, a da se istakne sve ono \u0161to je pozitivno, mi \u0107emo znati to da cijenimo\u201d. &#8220;&#8230;Ili jednostavno da nam ispri\u010da\u0161 \u0161to ovi ili oni novinari ili diplomate misle i sve prenese\u0161 i da poku\u0161a\u0161 da promovi\u0161e\u0161 re\u017eimsku pri\u010du\u201d, pri\u010da Martinovi\u0107 i dodaje da je \u201cimao tuce takvih ponuda\u201d i da ih je sve odbio.<\/p>\n","protected":false},"excerpt":{"rendered":"<p>Presuda je uslijedila nakon \u0161to je odbio \u201ctuce ponuda\u201d da sara\u0111uje sa vlastima i prenosi im informacije od svojih me\u0111unarodnih novinarskih i diplomatskih kontakata<\/p>\n","protected":false},"author":1,"featured_media":0,"comment_status":"open","ping_status":"closed","sticky":false,"template":"","format":"standard","meta":{"_seopress_robots_primary_cat":"","_seopress_titles_title":"","_seopress_titles_desc":"","_seopress_robots_index":"","_et_pb_use_builder":"","_et_pb_old_content":"","_et_gb_content_width":"","inline_featured_image":false,"footnotes":""},"categories":[14,12],"tags":[],"class_list":["post-265328","post","type-post","status-publish","format-standard","hentry","category-vijesti","category-prica-dana"],"_links":{"self":[{"href":"https:\/\/www.pcnen.com\/portal\/wp-json\/wp\/v2\/posts\/265328","targetHints":{"allow":["GET"]}}],"collection":[{"href":"https:\/\/www.pcnen.com\/portal\/wp-json\/wp\/v2\/posts"}],"about":[{"href":"https:\/\/www.pcnen.com\/portal\/wp-json\/wp\/v2\/types\/post"}],"author":[{"embeddable":true,"href":"https:\/\/www.pcnen.com\/portal\/wp-json\/wp\/v2\/users\/1"}],"replies":[{"embeddable":true,"href":"https:\/\/www.pcnen.com\/portal\/wp-json\/wp\/v2\/comments?post=265328"}],"version-history":[{"count":0,"href":"https:\/\/www.pcnen.com\/portal\/wp-json\/wp\/v2\/posts\/265328\/revisions"}],"wp:attachment":[{"href":"https:\/\/www.pcnen.com\/portal\/wp-json\/wp\/v2\/media?parent=265328"}],"wp:term":[{"taxonomy":"category","embeddable":true,"href":"https:\/\/www.pcnen.com\/portal\/wp-json\/wp\/v2\/categories?post=265328"},{"taxonomy":"post_tag","embeddable":true,"href":"https:\/\/www.pcnen.com\/portal\/wp-json\/wp\/v2\/tags?post=265328"}],"curies":[{"name":"wp","href":"https:\/\/api.w.org\/{rel}","templated":true}]}}