{"id":265300,"date":"2019-05-01T17:43:40","date_gmt":"2019-05-01T15:43:40","guid":{"rendered":"http:\/\/www.pcnen.com\/portal\/?p=265300"},"modified":"2019-05-01T17:43:40","modified_gmt":"2019-05-01T15:43:40","slug":"prvomajski-proglas-pokreta-odupri-se-97000","status":"publish","type":"post","link":"https:\/\/www.pcnen.com\/portal\/2019\/05\/01\/prvomajski-proglas-pokreta-odupri-se-97000\/","title":{"rendered":"Prvomajski proglas pokreta Odupri se-97000"},"content":{"rendered":"<p style=\"text-align: center;\"><img loading=\"lazy\" decoding=\"async\" class=\"size-full wp-image-265301 aligncenter\" src=\"http:\/\/www.pcnen.com\/portal\/wp-content\/uploads\/2019\/05\/PANO_oduprise.jpg\" alt=\"\" width=\"350\" height=\"188\" srcset=\"https:\/\/www.pcnen.com\/portal\/wp-content\/uploads\/2019\/05\/PANO_oduprise.jpg 350w, https:\/\/www.pcnen.com\/portal\/wp-content\/uploads\/2019\/05\/PANO_oduprise-300x161.jpg 300w, https:\/\/www.pcnen.com\/portal\/wp-content\/uploads\/2019\/05\/PANO_oduprise-235x126.jpg 235w, https:\/\/www.pcnen.com\/portal\/wp-content\/uploads\/2019\/05\/PANO_oduprise-75x40.jpg 75w, https:\/\/www.pcnen.com\/portal\/wp-content\/uploads\/2019\/05\/PANO_oduprise-220x118.jpg 220w\" sizes=\"(max-width: 350px) 100vw, 350px\" \/><br \/>\n<strong>#ODUPRISE nepo\u0161tenju!<\/strong><\/p>\n<p>Mi gra\u0111anke i gra\u0111ani Crne Gore insistiramo da Prvi maj bude praznik svih radnica i radnika, da bude neradan i za zaposlene u realnom sektoru, jer NIJE PO\u0160TENO da je ovo praznik samo za zaposlene u javnom sektoru.<\/p>\n<p>NIJE PO\u0160TENO da trgujemo nedjeljom i praznicima i da nas u marketima poslu\u017euju obespravljene radnice i radnici. I oni imaju prava na slobodne nedjelje i praznike i vrijeme sa porodicom. Budimo solidarni sa njima, to je po\u0161teno.<\/p>\n<p>NIJE PO\u0160TENO da se radni\u010dka prava tretiraju kao biznis barijere. NIJE PO\u0160TENO da se odnos poslodavac-radnik gradi na strahu umjesto na socijalnom dijalogu. Po\u0161teno je imati kolektivni ugovor jer on podrazumijeva po\u0161tovanje radnika kao va\u017enog faktora u ekonomiji svakog dru\u0161tva i uva\u017eava njegovu partnersku poziciju u svijetu rada.<\/p>\n<p>NIJE PO\u0160TENO decenijama \u017eivjeti u du\u017eni\u010dkom ropstvu. NIJE PO\u0160TENO u dr\u017eavi socijalne pravde re\u0107i svome djetetu nemam da te \u0161kolujem, po\u0161aljem u \u0161kolu prirode, na kurs jezika, da trenira\u0161\u2026<\/p>\n<p>NIJE PO\u0160TENO da smo mi gra\u0111anke i gra\u0111ani ekonomski potpuno zavisni i time neslobodni u nezavisnoj Crnoj Gori, jer samo nezavisan gra\u0111anin je garant i nezavisnosti dr\u017eave.<\/p>\n<p>NIJE PO\u0160TENO da minimalna zarada bude 193 eura. NIJE PO\u0160TENO da bude ni 222 eura. Po\u0161teno je da bude makar u iznosu minimalnog dijela mjese\u010dne potro\u0161a\u010dke korpe koji se odnosi samo na hranu i bezalkoholna pi\u0107a &#8211; 270 eura.<\/p>\n<p>NIJE PO\u0160TENO da strepimo od siroma\u0161tva koje nas \u010deka u tre\u0107em \u017eivotnom dobu.<\/p>\n<p>NIJE PO\u0160TENO da se ne rasvjetljavaju ubistva i napadi na novinare i tako svi mi dr\u017eimo zatamni\u010deni i u strahu, a da novinari u Crnoj Gori \u017eive i rade osje\u0107aju\u0107i se kao glineni golubovi.<\/p>\n<p>NIJE PO\u0160TENO da dr\u017eavom upravljaju oni koji su varali i krali na izborima.<\/p>\n<p>NIJE PO\u0160TENO da se zakoni selektivno primjenjuju.<\/p>\n<p>NIJE PO\u0160TENO da tu\u017eila\u0161tvo nije u slu\u017ebi gra\u0111ana, Ustava, zakona i dr\u017eave.<\/p>\n<p>NIJE PO\u0160TENO okupirati Javni servis i ispirati mozak Crnoj Gori.<\/p>\n<p>NIJE PO\u0160TENO \u0107utati, trpjeti!<\/p>\n<p>Po\u0161teno je boriti se za bolje i pravednije dru\u0161tvo, za pravdu za sve, pobuniti se, di\u0107i glas, uspraviti se u ime budu\u0107nosti na\u0161e djece i na\u0161e dr\u017eave.<\/p>\n<p>Zato #ODUPRISE nepo\u0161tenju svim bi\u0107em i snagom, beskompromisno!<\/p>\n","protected":false},"excerpt":{"rendered":"<p>#ODUPRISE nepo\u0161tenju! Mi gra\u0111anke i gra\u0111ani Crne Gore insistiramo da Prvi maj bude praznik svih radnica i radnika, da bude neradan i za zaposlene u realnom sektoru, jer NIJE PO\u0160TENO da je ovo praznik samo za zaposlene u javnom sektoru. NIJE PO\u0160TENO da trgujemo nedjeljom i praznicima i da nas u marketima poslu\u017euju obespravljene radnice [&hellip;]<\/p>\n","protected":false},"author":1,"featured_media":265301,"comment_status":"open","ping_status":"closed","sticky":false,"template":"","format":"standard","meta":{"_seopress_robots_primary_cat":"","_seopress_titles_title":"","_seopress_titles_desc":"","_seopress_robots_index":"","_et_pb_use_builder":"","_et_pb_old_content":"","_et_gb_content_width":"","inline_featured_image":false,"footnotes":""},"categories":[14,12],"tags":[],"class_list":["post-265300","post","type-post","status-publish","format-standard","has-post-thumbnail","hentry","category-vijesti","category-prica-dana"],"_links":{"self":[{"href":"https:\/\/www.pcnen.com\/portal\/wp-json\/wp\/v2\/posts\/265300","targetHints":{"allow":["GET"]}}],"collection":[{"href":"https:\/\/www.pcnen.com\/portal\/wp-json\/wp\/v2\/posts"}],"about":[{"href":"https:\/\/www.pcnen.com\/portal\/wp-json\/wp\/v2\/types\/post"}],"author":[{"embeddable":true,"href":"https:\/\/www.pcnen.com\/portal\/wp-json\/wp\/v2\/users\/1"}],"replies":[{"embeddable":true,"href":"https:\/\/www.pcnen.com\/portal\/wp-json\/wp\/v2\/comments?post=265300"}],"version-history":[{"count":0,"href":"https:\/\/www.pcnen.com\/portal\/wp-json\/wp\/v2\/posts\/265300\/revisions"}],"wp:featuredmedia":[{"embeddable":true,"href":"https:\/\/www.pcnen.com\/portal\/wp-json\/wp\/v2\/media\/265301"}],"wp:attachment":[{"href":"https:\/\/www.pcnen.com\/portal\/wp-json\/wp\/v2\/media?parent=265300"}],"wp:term":[{"taxonomy":"category","embeddable":true,"href":"https:\/\/www.pcnen.com\/portal\/wp-json\/wp\/v2\/categories?post=265300"},{"taxonomy":"post_tag","embeddable":true,"href":"https:\/\/www.pcnen.com\/portal\/wp-json\/wp\/v2\/tags?post=265300"}],"curies":[{"name":"wp","href":"https:\/\/api.w.org\/{rel}","templated":true}]}}