{"id":265292,"date":"2019-05-01T13:45:52","date_gmt":"2019-05-01T11:45:52","guid":{"rendered":"http:\/\/www.pcnen.com\/portal\/?p=265292"},"modified":"2019-05-01T13:48:37","modified_gmt":"2019-05-01T11:48:37","slug":"london-asanz-osuden-na-50-sedmica-zatvora","status":"publish","type":"post","link":"https:\/\/www.pcnen.com\/portal\/2019\/05\/01\/london-asanz-osuden-na-50-sedmica-zatvora\/","title":{"rendered":"London: Asan\u017e osu\u0111en na 50 sedmica zatvora"},"content":{"rendered":"<p><img loading=\"lazy\" decoding=\"async\" src=\"http:\/\/www.pcnen.com\/portal\/wp-content\/uploads\/2019\/05\/asandz.jpg\" alt=\"\" width=\"300\" height=\"205\" class=\"alignright size-full wp-image-265293\" \/>Sud u Londonu je danas izrekao kaznu od 50 sedmica zatvora osniva\u010du Vikiliksa D\u017dulijanu Asa\u017enu zbog kr\u0161enja pravila o pu\u0161tanju na slobodu uz pla\u0107anje kaucije.<\/p>\n<p>Asan\u017e je prekr\u0161io propise kada je u\u0161ao u ambasadu Ekvadora prije skoro sedam godina. Britanska policija ga je uhapsila u <a href=\"http:\/\/www.pcnen.com\/portal\/2019\/04\/11\/uhapsen-dzulijan-asanz-video\/\">aprilu u ekvadoeskoj ambasadi<\/a>. <\/p>\n<p>Sudija Debora Tejlor rekla je da je Asan\u017e iskoristio privilegovani polo\u017eaj za kr\u0161enje zakona i pokazao prezir prema britanskom pravosu\u0111u, prenosi Srna.<\/p>\n","protected":false},"excerpt":{"rendered":"<p>Sud u Londonu je danas izrekao kaznu od 50 sedmica zatvora osniva\u010du Vikiliksa D\u017dulijanu Asa\u017enu zbog kr\u0161enja pravila o pu\u0161tanju na slobodu uz pla\u0107anje kaucije. Asan\u017e je prekr\u0161io propise kada je u\u0161ao u ambasadu Ekvadora prije skoro sedam godina. Britanska policija ga je uhapsila u aprilu u ekvadoeskoj ambasadi. Sudija Debora Tejlor rekla je da [&hellip;]<\/p>\n","protected":false},"author":1,"featured_media":0,"comment_status":"open","ping_status":"closed","sticky":false,"template":"","format":"standard","meta":{"_seopress_robots_primary_cat":"","_seopress_titles_title":"","_seopress_titles_desc":"","_seopress_robots_index":"","_et_pb_use_builder":"","_et_pb_old_content":"","_et_gb_content_width":"","inline_featured_image":false,"footnotes":""},"categories":[14,12],"tags":[],"class_list":["post-265292","post","type-post","status-publish","format-standard","hentry","category-vijesti","category-prica-dana"],"_links":{"self":[{"href":"https:\/\/www.pcnen.com\/portal\/wp-json\/wp\/v2\/posts\/265292","targetHints":{"allow":["GET"]}}],"collection":[{"href":"https:\/\/www.pcnen.com\/portal\/wp-json\/wp\/v2\/posts"}],"about":[{"href":"https:\/\/www.pcnen.com\/portal\/wp-json\/wp\/v2\/types\/post"}],"author":[{"embeddable":true,"href":"https:\/\/www.pcnen.com\/portal\/wp-json\/wp\/v2\/users\/1"}],"replies":[{"embeddable":true,"href":"https:\/\/www.pcnen.com\/portal\/wp-json\/wp\/v2\/comments?post=265292"}],"version-history":[{"count":0,"href":"https:\/\/www.pcnen.com\/portal\/wp-json\/wp\/v2\/posts\/265292\/revisions"}],"wp:attachment":[{"href":"https:\/\/www.pcnen.com\/portal\/wp-json\/wp\/v2\/media?parent=265292"}],"wp:term":[{"taxonomy":"category","embeddable":true,"href":"https:\/\/www.pcnen.com\/portal\/wp-json\/wp\/v2\/categories?post=265292"},{"taxonomy":"post_tag","embeddable":true,"href":"https:\/\/www.pcnen.com\/portal\/wp-json\/wp\/v2\/tags?post=265292"}],"curies":[{"name":"wp","href":"https:\/\/api.w.org\/{rel}","templated":true}]}}