{"id":265274,"date":"2019-05-01T10:42:37","date_gmt":"2019-05-01T08:42:37","guid":{"rendered":"http:\/\/www.pcnen.com\/portal\/?p=265274"},"modified":"2019-05-01T10:42:37","modified_gmt":"2019-05-01T08:42:37","slug":"rozajac-nezakonito-krcio-borovu-sumu-u-ulcinju","status":"publish","type":"post","link":"https:\/\/www.pcnen.com\/portal\/2019\/05\/01\/rozajac-nezakonito-krcio-borovu-sumu-u-ulcinju\/","title":{"rendered":"Ro\u017eajac nezakonito kr\u010dio Borovu \u0161umu u Ulcinju?"},"content":{"rendered":"<p><img loading=\"lazy\" decoding=\"async\" class=\"alignright size-full wp-image-90799\" src=\"http:\/\/www.pcnen.com\/portal\/wp-content\/uploads\/2012\/08\/borovi.jpg\" alt=\"\" width=\"250\" height=\"150\" \/>Osnovni dr\u017eavni tu\u017eilac u Ulcinju Faruk Resulbegovi\u0107 je donio odluku o privo\u0111enju Sabahudina Be\u0107iragi\u0107a iz Ro\u017eaja, kome se stavlja na teret \u201cuzurpacija op\u0161tinskog zemlji\u0161ta i gradnja bez prijave radova\u201d, <a href=\"http:\/\/mne.ul-info.com\/wp-content\/uploads\/2019\/04\/Foto-Z.-Lika.jpg\">objavio je lokalni portal.<\/a><\/p>\n<p>Be\u0107iragi\u0107 je prethodnih dana izvodio radove u dijelu Borove \u0161ume, \u010dime je, kako su saop\u0161tili neki nevladini aktivisti, odbornici i GP URA, izvr\u0161ena devastacija tog prostora.<\/p>\n<p>Iz Komunalne policije je Portalu Ul-info saop\u0161teno da su 25. aprila, sa op\u0161tinskim geometrom, obi\u0161li mjesto u Borovoj \u0161umi gdje su izvo\u0111eni radovi, kada je utvr\u0111eno da su radovi izvo\u0111eni i na 250 metara kvadratnih koji su u svojini Op\u0161tine Ulcinj.<\/p>\n","protected":false},"excerpt":{"rendered":"<p>Sabahudinu Be\u0107iragi\u0107u se stavlja na teret \u201cuzurpacija op\u0161tinskog zemlji\u0161ta i gradnja bez prijave radova\u201d<\/p>\n","protected":false},"author":1,"featured_media":0,"comment_status":"open","ping_status":"closed","sticky":false,"template":"","format":"standard","meta":{"_seopress_robots_primary_cat":"","_seopress_titles_title":"","_seopress_titles_desc":"","_seopress_robots_index":"","_et_pb_use_builder":"","_et_pb_old_content":"","_et_gb_content_width":"","inline_featured_image":false,"footnotes":""},"categories":[14,12],"tags":[],"class_list":["post-265274","post","type-post","status-publish","format-standard","hentry","category-vijesti","category-prica-dana"],"_links":{"self":[{"href":"https:\/\/www.pcnen.com\/portal\/wp-json\/wp\/v2\/posts\/265274","targetHints":{"allow":["GET"]}}],"collection":[{"href":"https:\/\/www.pcnen.com\/portal\/wp-json\/wp\/v2\/posts"}],"about":[{"href":"https:\/\/www.pcnen.com\/portal\/wp-json\/wp\/v2\/types\/post"}],"author":[{"embeddable":true,"href":"https:\/\/www.pcnen.com\/portal\/wp-json\/wp\/v2\/users\/1"}],"replies":[{"embeddable":true,"href":"https:\/\/www.pcnen.com\/portal\/wp-json\/wp\/v2\/comments?post=265274"}],"version-history":[{"count":0,"href":"https:\/\/www.pcnen.com\/portal\/wp-json\/wp\/v2\/posts\/265274\/revisions"}],"wp:attachment":[{"href":"https:\/\/www.pcnen.com\/portal\/wp-json\/wp\/v2\/media?parent=265274"}],"wp:term":[{"taxonomy":"category","embeddable":true,"href":"https:\/\/www.pcnen.com\/portal\/wp-json\/wp\/v2\/categories?post=265274"},{"taxonomy":"post_tag","embeddable":true,"href":"https:\/\/www.pcnen.com\/portal\/wp-json\/wp\/v2\/tags?post=265274"}],"curies":[{"name":"wp","href":"https:\/\/api.w.org\/{rel}","templated":true}]}}