{"id":265250,"date":"2019-04-30T20:41:11","date_gmt":"2019-04-30T18:41:11","guid":{"rendered":"http:\/\/www.pcnen.com\/portal\/?p=265250"},"modified":"2019-04-30T20:41:11","modified_gmt":"2019-04-30T18:41:11","slug":"popodne-moguci-lokalni-pljuskovi-i-grmljavina","status":"publish","type":"post","link":"https:\/\/www.pcnen.com\/portal\/2019\/04\/30\/popodne-moguci-lokalni-pljuskovi-i-grmljavina\/","title":{"rendered":"Popodne mogu\u0107i lokalni pljuskovi i grmljavina"},"content":{"rendered":"<p><img loading=\"lazy\" decoding=\"async\" class=\"alignright size-full wp-image-244583\" src=\"http:\/\/www.pcnen.com\/portal\/wp-content\/uploads\/2018\/04\/sremus.jpg\" alt=\"\" width=\"275\" height=\"183\" \/>Promjenljivo obla\u010dno sa sun\u010danim intervalima bi\u0107e u srijedu u Crnoj Gori.<\/p>\n<p>Ujutru \u0107e biti slabe ki\u0161e ponegdje, a poslije podne bi\u0107e lokalno mogu\u0107 i pljusak sa grmljavinom.<\/p>\n<p>Vjetar \u0107e mijenjati smjer i biti slab do umjeren.<\/p>\n<p>Jutarnja temperatura vazduha bi\u0107e u rasponu od -2 do 10, a najvi\u0161a dnevna od 8 do 20 stepeni.<\/p>\n<p>U Podgorici \u0107e biti promjenljivo obla\u010dno sa sun\u010danim intervalima. Prolazna ki\u0161a i grmljavina bi\u0107e mogu\u0107a uglavnom \u00a0sredinom dana ili poslije podne. Vjetar ju\u017eni bi\u0107e slab do umjeren. Jutarnja temperatura vazduha bi\u0107e oko 9, a najvi\u0161a dnevna do 18 stepeni.<\/p>\n<p><a href=\"http:\/\/www.meteo.co.me\/misc.php?text=121&amp;sektor=1&amp;grad=NIK\">Prognoza za ostale gradove.<\/a><\/p>\n","protected":false},"excerpt":{"rendered":"<p>Vjetar \u0107e mijenjati smjer i biti slab do umjeren<\/p>\n","protected":false},"author":1,"featured_media":0,"comment_status":"open","ping_status":"closed","sticky":false,"template":"","format":"standard","meta":{"_seopress_robots_primary_cat":"","_seopress_titles_title":"","_seopress_titles_desc":"","_seopress_robots_index":"","_et_pb_use_builder":"","_et_pb_old_content":"","_et_gb_content_width":"","inline_featured_image":false,"footnotes":""},"categories":[14,12],"tags":[],"class_list":["post-265250","post","type-post","status-publish","format-standard","hentry","category-vijesti","category-prica-dana"],"_links":{"self":[{"href":"https:\/\/www.pcnen.com\/portal\/wp-json\/wp\/v2\/posts\/265250","targetHints":{"allow":["GET"]}}],"collection":[{"href":"https:\/\/www.pcnen.com\/portal\/wp-json\/wp\/v2\/posts"}],"about":[{"href":"https:\/\/www.pcnen.com\/portal\/wp-json\/wp\/v2\/types\/post"}],"author":[{"embeddable":true,"href":"https:\/\/www.pcnen.com\/portal\/wp-json\/wp\/v2\/users\/1"}],"replies":[{"embeddable":true,"href":"https:\/\/www.pcnen.com\/portal\/wp-json\/wp\/v2\/comments?post=265250"}],"version-history":[{"count":0,"href":"https:\/\/www.pcnen.com\/portal\/wp-json\/wp\/v2\/posts\/265250\/revisions"}],"wp:attachment":[{"href":"https:\/\/www.pcnen.com\/portal\/wp-json\/wp\/v2\/media?parent=265250"}],"wp:term":[{"taxonomy":"category","embeddable":true,"href":"https:\/\/www.pcnen.com\/portal\/wp-json\/wp\/v2\/categories?post=265250"},{"taxonomy":"post_tag","embeddable":true,"href":"https:\/\/www.pcnen.com\/portal\/wp-json\/wp\/v2\/tags?post=265250"}],"curies":[{"name":"wp","href":"https:\/\/api.w.org\/{rel}","templated":true}]}}