{"id":265244,"date":"2019-04-30T19:31:50","date_gmt":"2019-04-30T17:31:50","guid":{"rendered":"http:\/\/www.pcnen.com\/portal\/?p=265244"},"modified":"2019-04-30T21:02:47","modified_gmt":"2019-04-30T19:02:47","slug":"policija-zabranila-prvomajsku-setnju-u-podgorici","status":"publish","type":"post","link":"https:\/\/www.pcnen.com\/portal\/2019\/04\/30\/policija-zabranila-prvomajsku-setnju-u-podgorici\/","title":{"rendered":"Policija zabranila prvomajsku \u0161etnju u Podgorici"},"content":{"rendered":"<p><img loading=\"lazy\" decoding=\"async\" class=\"alignright size-full wp-image-265252\" src=\"http:\/\/www.pcnen.com\/portal\/wp-content\/uploads\/2019\/04\/PRVOMAJSKA-PARADA.jpg\" alt=\"\" width=\"300\" height=\"173\" \/>Unija slobodnih sindikata Crne Gore je otkazala najavljenu protestnu \u0161etnja ulicama Podgorice, navode\u0107i da su im iz Centra bezbjednosti rekli da im ne\u0107e biti omogu\u0107ena najavljena mar\u0161ruta i obra\u0107anje predstavnika USSCG ispred zgrade Vlade.<\/p>\n<p>&#8220;Na taj na\u010din, po prvi put od tradicionalnog organizovanja ove manifestacije, obesmi\u0161ljen je smisao Prvomajske protestne \u0161etnje koja, pored o\u010duvanja tradicije i slanja poruka o nu\u017enosti radni\u010dke borbe i solidarnosti koju nosi Prvi maj za sve radnike \u0161irom planete, podrazumijeva poruku koju \u0161aljemo Vladi Crne Gore o aktuelnom trenutku u na\u0161oj zemlji i o\u010dekivanju zaposlenih i gra\u0111ana. Tako\u0111e, izra\u017eavamo revolt neprimjerenim odnosom nadle\u017enih prema USSCG, kao odgovornom socijalnom partneru, posebno imaju\u0107i u vidu aktuelnu socijalnu i politi\u010dku situaciju u zemlji&#8221;, prenio je portal Vijesti.<\/p>\n<p>U najavi protestestne \u0161etnje je navedeno da je njen cilj, &#8220;osim \u010duvanja tradicije i poruka koje nosi Prvi maj za sve radnike \u0161irom planete&#8221; i &#8220;podsje\u0107anje odgovornih na lo\u0161 ekonomsko-socijalni polo\u017eaj zaposlenih i gra\u0111ana, na potrebu uspostavljanja efikasne pravne i dr\u017eave socijalne pravde\u201c.<\/p>\n<p>Po\u010detak protestne \u0161etnje bio je najavljen za 10:30 \u010dasova sa Trga Argentina (trg kod Stadiona \u201cBudu\u0107nost\u201c).<\/p>\n","protected":false},"excerpt":{"rendered":"<p>Unija slobodnih sindikata Crne Gore je otkazala najavljenu Prvomajsku protestnu \u0161etnju ulicama glavnog grada Crne Gore<\/p>\n","protected":false},"author":1,"featured_media":0,"comment_status":"open","ping_status":"closed","sticky":false,"template":"","format":"standard","meta":{"_seopress_robots_primary_cat":"","_seopress_titles_title":"","_seopress_titles_desc":"","_seopress_robots_index":"","_et_pb_use_builder":"","_et_pb_old_content":"","_et_gb_content_width":"","inline_featured_image":false,"footnotes":""},"categories":[14,12],"tags":[],"class_list":["post-265244","post","type-post","status-publish","format-standard","hentry","category-vijesti","category-prica-dana"],"_links":{"self":[{"href":"https:\/\/www.pcnen.com\/portal\/wp-json\/wp\/v2\/posts\/265244","targetHints":{"allow":["GET"]}}],"collection":[{"href":"https:\/\/www.pcnen.com\/portal\/wp-json\/wp\/v2\/posts"}],"about":[{"href":"https:\/\/www.pcnen.com\/portal\/wp-json\/wp\/v2\/types\/post"}],"author":[{"embeddable":true,"href":"https:\/\/www.pcnen.com\/portal\/wp-json\/wp\/v2\/users\/1"}],"replies":[{"embeddable":true,"href":"https:\/\/www.pcnen.com\/portal\/wp-json\/wp\/v2\/comments?post=265244"}],"version-history":[{"count":0,"href":"https:\/\/www.pcnen.com\/portal\/wp-json\/wp\/v2\/posts\/265244\/revisions"}],"wp:attachment":[{"href":"https:\/\/www.pcnen.com\/portal\/wp-json\/wp\/v2\/media?parent=265244"}],"wp:term":[{"taxonomy":"category","embeddable":true,"href":"https:\/\/www.pcnen.com\/portal\/wp-json\/wp\/v2\/categories?post=265244"},{"taxonomy":"post_tag","embeddable":true,"href":"https:\/\/www.pcnen.com\/portal\/wp-json\/wp\/v2\/tags?post=265244"}],"curies":[{"name":"wp","href":"https:\/\/api.w.org\/{rel}","templated":true}]}}