{"id":265224,"date":"2019-04-30T10:51:41","date_gmt":"2019-04-30T08:51:41","guid":{"rendered":"http:\/\/www.pcnen.com\/portal\/?p=265224"},"modified":"2019-04-30T13:59:56","modified_gmt":"2019-04-30T11:59:56","slug":"insajder-ponudio-dokaze-o-nelegalnom-finansiranju-dps","status":"publish","type":"post","link":"https:\/\/www.pcnen.com\/portal\/2019\/04\/30\/insajder-ponudio-dokaze-o-nelegalnom-finansiranju-dps\/","title":{"rendered":"Insajder ponudio dokaze o nelegalnom finansiranju DPS?"},"content":{"rendered":"<p><img loading=\"lazy\" decoding=\"async\" class=\"alignright size-full wp-image-84622\" src=\"http:\/\/www.pcnen.com\/portal\/wp-content\/uploads\/2012\/05\/korupcija-e1540208744326.jpg\" alt=\"\" width=\"300\" height=\"195\" \/>Prema navodima internet sajta &#8216;Borba&#8217;, kome se ne zna vlasnik ali se smatra bliskim opozicionom Demokratskom frontu, navodno je neimenovani biv\u0161i visoki funkcioner Demokratske partij socijalista me\u0111unarodnim istra\u017eiteljima ponudio dokumentaciju o poslovanju vladaju\u0107e partije sa dokazima o tokovima novca koji su i\u0161li od odre\u0111enih biznismena ka \u010delnim ljudima u dr\u017eavi.<\/p>\n<p>Isti sajt je objavio intervju sa Du\u0161kom Kne\u017eevi\u0107em, dugogodi\u0161njim finansijerom DPS (prema vlastitom priznanju) koji se sklonio u London nakon sukoba sa re\u017eimom, u kome on identifikuje kompanije koje su finansirale crnogorsku vlast.<\/p>\n<p>\u201cVlasnici svih re\u017eimskih firmi pla\u0107aju izbore za DPS- Bemax, \u010celebi\u0107, Zetagradnja, Cijevna komerc, Volvox, Franca, Voli, Lakovi\u0107, Veletex\u2026 Uglavnom, svi koji ne\u0161to zna\u010de u biznisu u Crnoj Gori moraju da pla\u0107aju reket \u0110ukanovi\u0107u\u201d, kazao je Kne\u017eevi\u0107 u<a href=\"https:\/\/borba.me\/dusko-knezevic-milov-kastodi-racun-krije-tajnu-za-aferu-telekom-i-skrivenog-kupca\/\"> intervjuu za Borbu.<\/a><\/p>\n<p>Kne\u017eevi\u0107 je osumnji\u010den i optu\u017een u Crnoj Gori za vi\u0161e krivi\u010dnih djela i za njim je raspisana me\u0111unarodna potjernica. On je nedavno najavio osnivanje politi\u010dke partije.<\/p>\n","protected":false},"excerpt":{"rendered":"<p>Prema navodima internet sajta &#8216;Borba&#8217;, kome se ne zna vlasnik ali se smatra bliskim opozicionom Demokratskom frontu, navodno je neimenovani biv\u0161i visoki funkcioner Demokratske partij socijalista me\u0111unarodnim istra\u017eiteljima ponudio dokumentaciju o poslovanju vladaju\u0107e partije sa dokazima o tokovima novca koji su i\u0161li od odre\u0111enih biznismena ka \u010delnim ljudima u dr\u017eavi. Isti sajt je objavio intervju [&hellip;]<\/p>\n","protected":false},"author":1,"featured_media":0,"comment_status":"open","ping_status":"closed","sticky":false,"template":"","format":"standard","meta":{"_seopress_robots_primary_cat":"","_seopress_titles_title":"","_seopress_titles_desc":"","_seopress_robots_index":"","_et_pb_use_builder":"","_et_pb_old_content":"","_et_gb_content_width":"","inline_featured_image":false,"footnotes":""},"categories":[14,12],"tags":[],"class_list":["post-265224","post","type-post","status-publish","format-standard","hentry","category-vijesti","category-prica-dana"],"_links":{"self":[{"href":"https:\/\/www.pcnen.com\/portal\/wp-json\/wp\/v2\/posts\/265224","targetHints":{"allow":["GET"]}}],"collection":[{"href":"https:\/\/www.pcnen.com\/portal\/wp-json\/wp\/v2\/posts"}],"about":[{"href":"https:\/\/www.pcnen.com\/portal\/wp-json\/wp\/v2\/types\/post"}],"author":[{"embeddable":true,"href":"https:\/\/www.pcnen.com\/portal\/wp-json\/wp\/v2\/users\/1"}],"replies":[{"embeddable":true,"href":"https:\/\/www.pcnen.com\/portal\/wp-json\/wp\/v2\/comments?post=265224"}],"version-history":[{"count":0,"href":"https:\/\/www.pcnen.com\/portal\/wp-json\/wp\/v2\/posts\/265224\/revisions"}],"wp:attachment":[{"href":"https:\/\/www.pcnen.com\/portal\/wp-json\/wp\/v2\/media?parent=265224"}],"wp:term":[{"taxonomy":"category","embeddable":true,"href":"https:\/\/www.pcnen.com\/portal\/wp-json\/wp\/v2\/categories?post=265224"},{"taxonomy":"post_tag","embeddable":true,"href":"https:\/\/www.pcnen.com\/portal\/wp-json\/wp\/v2\/tags?post=265224"}],"curies":[{"name":"wp","href":"https:\/\/api.w.org\/{rel}","templated":true}]}}