{"id":265197,"date":"2019-04-29T22:33:48","date_gmt":"2019-04-29T20:33:48","guid":{"rendered":"http:\/\/www.pcnen.com\/portal\/?p=265197"},"modified":"2019-04-30T09:59:24","modified_gmt":"2019-04-30T07:59:24","slug":"objavljen-nacrt-deklaracije-koja-bi-trebalo-da-bude-usvojena-u-berlinu","status":"publish","type":"post","link":"https:\/\/www.pcnen.com\/portal\/2019\/04\/29\/objavljen-nacrt-deklaracije-koja-bi-trebalo-da-bude-usvojena-u-berlinu\/","title":{"rendered":"Objavljen nacrt deklaracije koja bi trebalo da bude usvojena u Berlinu"},"content":{"rendered":"<p><img loading=\"lazy\" decoding=\"async\" class=\"alignright size-full wp-image-100247\" src=\"http:\/\/www.pcnen.com\/portal\/wp-content\/uploads\/2012\/12\/razgovor.jpg\" alt=\"\" width=\"225\" height=\"224\" \/>U Berlinu je objavljen nacrt deklaracije koja bi trebalo da bude usvojena na sastanku \u0161efova dr\u017eava i vlada Albanije, Bosne i Hercegovine, Hrvatske, Francuske, Njema\u010dke, Kosova, Crne Gore, Sjeverne Makedonije, Srbije i Slovenije.<\/p>\n<p>&#8220;Podsje\u0107aju\u0107i na zajedni\u010dku evropsku budu\u0107nost Zapadnog Balkana, pohvalili su uspje\u0161an dogovor izme\u0111u Gr\u010dke i Sjeverne Makedonije oko spora o imenu kao izvanredan primjer uspje\u0161nog rje\u0161avanja konflikata&#8221;, navodi se u nacrtu zajedni\u010dke deklaracije, prenosi <a href=\"https:\/\/www.slobodnaevropa.org\/a\/29910953.html\">Radio Slobodna Evropa.<\/a><\/p>\n<p>Podvukli su va\u017enost dogovora o potpunoj normalizaciji odnosa izme\u0111u Kosova i Srbije za stabilnost regiona i evropsku perspektivu Srbije i Kosova. Saglasni su da bilo kakav dogovor te vrste mora biti sveobuhvatan, politi\u010dki odr\u017eiv i mora doprinijeti regionalnoj stabilnosti.<\/p>\n<p>&#8220;Srbija i Kosovo su pristali da ubrzaju napore na implementaciji postoje\u0107ih sporazuma i da se ponovo uklju\u010de, konstruktivno, u dijalog o normalizaciji odnosa uz posredstvo EU, sa ciljem postizanja sveobuhvatnog i kona\u010dnog sporazuma&#8221;, dodaje se.<\/p>\n<p>U\u010desnici su podvukli va\u017enost inkluzivnog i transparentnog pregovara\u010dkog procesa, koji bi trebali pratiti napori u ja\u010danju povjerenja. Pristali su i da intenziviraju napore na uspostavljanju regionalne ekonomske zone.<\/p>\n<p>Svi u\u010desnici su potvrdili njihovo opredjeljenje da sara\u0111uju u okvirima Berlinskog procesa. Povezanost, ekonomija, slobodna trgovina, saradnja na bezbjednosnim problemima, mobilnost mladih i pomirenje osnovni su stubovi procesa, navodi se. Ponovili su svoju podr\u0161ku Regionalnoj kancelariji za saradnju mladih. Raduju se idu\u0107em samitu u Poljskoj.<\/p>\n<p>U\u010desnici su se slo\u017eili i da \u0107e unaprijediti saradnju kako bi sprije\u010dili radikalizacju i kako bi se borili protiv terorizma i nedozvoljene trgovine oru\u017ejem kao i neregularnih migracija.<\/p>\n<p>U\u010desnici su naglasili nepokolebljivu posve\u0107enost demokratiji, vladavini prava, dobrom upravljanju, borbi protiv korupcije i organizovanog kriminala kao i ja\u010danje uloge civilnog dru\u0161tva i nezavisnih medija. Slo\u017eili su se da su odr\u017eive reforme klju\u010d za evropsku perspektivu regiona i ja\u010danju otpornosti dru\u0161tava prortiv izazova dana\u0161njeg vremena, unutra i izvana. Ponovo su potvrdili svoju posve\u0107enosti stabilnosti regiona, zaklju\u010duje se u nacrtu.<\/p>\n","protected":false},"excerpt":{"rendered":"<p>Srbija i Kosovo su pristali da ubrzaju napore na implementaciji postoje\u0107ih sporazuma i da se ponovo uklju\u010de, konstruktivno, u dijalog o normalizaciji odnosa uz posredstvo EU<\/p>\n","protected":false},"author":1,"featured_media":0,"comment_status":"open","ping_status":"closed","sticky":false,"template":"","format":"standard","meta":{"_seopress_robots_primary_cat":"","_seopress_titles_title":"","_seopress_titles_desc":"","_seopress_robots_index":"","_et_pb_use_builder":"","_et_pb_old_content":"","_et_gb_content_width":"","inline_featured_image":false,"footnotes":""},"categories":[14,12],"tags":[],"class_list":["post-265197","post","type-post","status-publish","format-standard","hentry","category-vijesti","category-prica-dana"],"_links":{"self":[{"href":"https:\/\/www.pcnen.com\/portal\/wp-json\/wp\/v2\/posts\/265197","targetHints":{"allow":["GET"]}}],"collection":[{"href":"https:\/\/www.pcnen.com\/portal\/wp-json\/wp\/v2\/posts"}],"about":[{"href":"https:\/\/www.pcnen.com\/portal\/wp-json\/wp\/v2\/types\/post"}],"author":[{"embeddable":true,"href":"https:\/\/www.pcnen.com\/portal\/wp-json\/wp\/v2\/users\/1"}],"replies":[{"embeddable":true,"href":"https:\/\/www.pcnen.com\/portal\/wp-json\/wp\/v2\/comments?post=265197"}],"version-history":[{"count":0,"href":"https:\/\/www.pcnen.com\/portal\/wp-json\/wp\/v2\/posts\/265197\/revisions"}],"wp:attachment":[{"href":"https:\/\/www.pcnen.com\/portal\/wp-json\/wp\/v2\/media?parent=265197"}],"wp:term":[{"taxonomy":"category","embeddable":true,"href":"https:\/\/www.pcnen.com\/portal\/wp-json\/wp\/v2\/categories?post=265197"},{"taxonomy":"post_tag","embeddable":true,"href":"https:\/\/www.pcnen.com\/portal\/wp-json\/wp\/v2\/tags?post=265197"}],"curies":[{"name":"wp","href":"https:\/\/api.w.org\/{rel}","templated":true}]}}