{"id":265195,"date":"2019-04-29T22:10:05","date_gmt":"2019-04-29T20:10:05","guid":{"rendered":"http:\/\/www.pcnen.com\/portal\/?p=265195"},"modified":"2019-04-29T22:10:05","modified_gmt":"2019-04-29T20:10:05","slug":"oblacno-kisa-povremeno-7","status":"publish","type":"post","link":"https:\/\/www.pcnen.com\/portal\/2019\/04\/29\/oblacno-kisa-povremeno-7\/","title":{"rendered":"Obla\u010dno, ki\u0161a povremeno"},"content":{"rendered":"<p><img loading=\"lazy\" decoding=\"async\" src=\"http:\/\/www.pcnen.com\/portal\/wp-content\/uploads\/2017\/05\/kisa-proljece.jpg\" alt=\"\" width=\"400\" height=\"300\" class=\"alignright size-full wp-image-226559\" \/>U utorak \u0107e u Crnoj Gori biti umjereno do potpuno obla\u010dno.<\/p>\n<p>Povremeno \u0107e padati ki\u0161a ili \u0107e biti pljuskova sa grmljavinom.<br \/>\nVi\u0161e padavina \u0107e biti u ranim jutarnjim i prijepodnevnim satima, a krajem dana i tokom no\u0107i uglavnom suvo. <\/p>\n<p>Vjetar \u0107e biti umjeren do jak ju\u017eni, poslijepodne \u0107e oslabiti.<br \/>\nJutarnja temperatura vazduha kreta\u0107e se od 2 do 12, najvi\u0161a dnevna 6 do 18 stepeni.<\/p>\n<p>U Podgorici \u0107e biti promjenljivo do potpuno obla\u010dno, povremeno \u0107e padati ki\u0161a ili pljusak sa grmljavinom, naro\u010dito u prvom dijelu dana. <\/p>\n<p>Krajem dana i tokom no\u0107i bi\u0107e bez ki\u0161e. Vjetar \u0107e biti umjeren jugoisto\u010dni i isto\u010dni. Jutarnja temperatura vazduha bi\u0107e oko 11, najvi\u0161a dnevna do 16 stepeni.<\/p>\n<p><a href=\"http:\/\/www.meteo.co.me\/misc.php?text=121&amp;sektor=1&amp;grad=SAV\">Prognoza za ostale gradove.<\/a><\/p>\n","protected":false},"excerpt":{"rendered":"<p>U utorak \u0107e u Crnoj Gori biti umjereno do potpuno obla\u010dno. Povremeno \u0107e padati ki\u0161a ili \u0107e biti pljuskova sa grmljavinom. Vi\u0161e padavina \u0107e biti u ranim jutarnjim i prijepodnevnim satima, a krajem dana i tokom no\u0107i uglavnom suvo. Vjetar \u0107e biti umjeren do jak ju\u017eni, poslijepodne \u0107e oslabiti. Jutarnja temperatura vazduha kreta\u0107e se od [&hellip;]<\/p>\n","protected":false},"author":1,"featured_media":0,"comment_status":"open","ping_status":"closed","sticky":false,"template":"","format":"standard","meta":{"_seopress_robots_primary_cat":"","_seopress_titles_title":"","_seopress_titles_desc":"","_seopress_robots_index":"","_et_pb_use_builder":"","_et_pb_old_content":"","_et_gb_content_width":"","inline_featured_image":false,"footnotes":""},"categories":[14,12],"tags":[],"class_list":["post-265195","post","type-post","status-publish","format-standard","hentry","category-vijesti","category-prica-dana"],"_links":{"self":[{"href":"https:\/\/www.pcnen.com\/portal\/wp-json\/wp\/v2\/posts\/265195","targetHints":{"allow":["GET"]}}],"collection":[{"href":"https:\/\/www.pcnen.com\/portal\/wp-json\/wp\/v2\/posts"}],"about":[{"href":"https:\/\/www.pcnen.com\/portal\/wp-json\/wp\/v2\/types\/post"}],"author":[{"embeddable":true,"href":"https:\/\/www.pcnen.com\/portal\/wp-json\/wp\/v2\/users\/1"}],"replies":[{"embeddable":true,"href":"https:\/\/www.pcnen.com\/portal\/wp-json\/wp\/v2\/comments?post=265195"}],"version-history":[{"count":0,"href":"https:\/\/www.pcnen.com\/portal\/wp-json\/wp\/v2\/posts\/265195\/revisions"}],"wp:attachment":[{"href":"https:\/\/www.pcnen.com\/portal\/wp-json\/wp\/v2\/media?parent=265195"}],"wp:term":[{"taxonomy":"category","embeddable":true,"href":"https:\/\/www.pcnen.com\/portal\/wp-json\/wp\/v2\/categories?post=265195"},{"taxonomy":"post_tag","embeddable":true,"href":"https:\/\/www.pcnen.com\/portal\/wp-json\/wp\/v2\/tags?post=265195"}],"curies":[{"name":"wp","href":"https:\/\/api.w.org\/{rel}","templated":true}]}}