{"id":265185,"date":"2019-04-29T12:14:59","date_gmt":"2019-04-29T10:14:59","guid":{"rendered":"http:\/\/www.pcnen.com\/portal\/?p=265185"},"modified":"2019-04-29T13:03:12","modified_gmt":"2019-04-29T11:03:12","slug":"pokret-oduprise-pisao-angeli-merkel","status":"publish","type":"post","link":"https:\/\/www.pcnen.com\/portal\/2019\/04\/29\/pokret-oduprise-pisao-angeli-merkel\/","title":{"rendered":"Pokret #oduprise pisao Angeli Merkel"},"content":{"rendered":"<p><img loading=\"lazy\" decoding=\"async\" class=\"alignright size-full wp-image-265186\" src=\"http:\/\/www.pcnen.com\/portal\/wp-content\/uploads\/2019\/04\/oduprise.jpg\" alt=\"\" width=\"300\" height=\"200\" srcset=\"https:\/\/www.pcnen.com\/portal\/wp-content\/uploads\/2019\/04\/oduprise.jpg 300w, https:\/\/www.pcnen.com\/portal\/wp-content\/uploads\/2019\/04\/oduprise-235x157.jpg 235w, https:\/\/www.pcnen.com\/portal\/wp-content\/uploads\/2019\/04\/oduprise-75x50.jpg 75w, https:\/\/www.pcnen.com\/portal\/wp-content\/uploads\/2019\/04\/oduprise-220x147.jpg 220w\" sizes=\"(max-width: 300px) 100vw, 300px\" \/>Pokret #oduprise je uputio danas njema\u010dkoj kancelarki Angeli Merkel pismo zbog jo\u0161 jednog u nizu sastanaka zemalja Zapadnog Balkana u Berlinu na kojem, kao &#8220;faktor stabilnosti i mira&#8221;, u\u010destvuje i predsjednik Crne Gore Milo \u0110ukanovi\u0107.<\/p>\n<p>Po\u0161tovana kancelarko Merkel,<\/p>\n<p>danas \u0107ete se sresti i \u201erazmijeniti mi\u0161ljenje\u201c sa tvrdim Balkancima. Nimalo lak posao, jer \u0107ete se rukovati i ru\u010dati sa glavnim i odgovornim za stanja u zemljama \u010diji gra\u0111ani trpe posljedice ratova, siroma\u0161tva, \u0161ovinizma, korupcije, kriminala, odsustva vladavine prava,&#8230;<\/p>\n<p>Me\u0111u zvanicama i va\u0161im gostima na sastanku zemalja Zapadne Evrope izdvaja se predsjednik Crne Gore. Sve va\u0161e kolege, evropski premijeri i predsjednici, dolaskom na funkcije zatekli su ga na poziciji njenog apsulutnog gospodara. Vi prije 15 godina, a va\u0161 kolega Makron prije dvije.<\/p>\n<p>Mnoge evropske predsjednike, premijere, kao i ambasadore koje ste slali u Crnu Goru, Milo \u0110ukanovi\u0107 je ispratio u \u201epenziju\u201c. Po\u0161tovanje koje mu ukazujete danas vjerovatno \u0107e iskazivati i va\u0161i nasljednici kada i Vas isprati u politi\u010dku pro\u0161lost.<\/p>\n<p>Zato vam pokret gra\u0111ana #Oduprise upu\u0107uje pismo i savjet da pa\u017eljivije birate koga nazivate faktorom stabilnosti na Balkanu.<\/p>\n<p>Ne sumnjamo da ste do detalja informisani, ali Vas podsje\u0107amo da \u201efaktor stabilnosti\u201c iz Crne Gore ima \u201ekrvave ruke\u201c iz balkanskih ratova 90-tih, ruke uprljane \u0161vercom cigareta u zemlje EU (optu\u017enica italijanskog tu\u017eila\u0161tva), spregu kriminala i vlasti (izvje\u0161taji EU), razgranatu mre\u017eu \u0161verca narkotika po va\u0161im teritorijama, nerije\u0161ena ubistva i napade na novinare, oplja\u010dkanu zemlju kroz plja\u010dka\u0161ke privatizacije i nepotizam.<\/p>\n<p>Iako dolazi iz jedne od najsiroma\u0161nijih evropskih dr\u017eava, \u0110ukanovi\u0107 je jedan od najbogatijih evropskih predsjednika. Kako on, tako i \u010dlanovi njegove naju\u017ee porodice. Bogatstvo koje se mjeri stotinama miliona eura, \u0110ukanovi\u0107 i njegova porodica stekli su za vrijeme njegove tridesetogodi\u0161nje vladavine.<\/p>\n<p>Va\u0161e osoblje u Crnoj Gori i cjelokupna javnost u posjedu su materijala o aferama \u201eSnimak\u201c i \u201eKoverta\u201c koje dokazuju da je volja gra\u0111ana na izborima izra\u017eena kroz pritisak, strah i korupciju.<\/p>\n<p>Ako vjerujete da gra\u0111ani Njema\u010dke i EU zaslu\u017euju da u\u017eivaju u blagodetima dr\u017eava u kojima postoje: vladavina prava, medijske slobode, odgovornost za zlo\u010dine, gdje ne postoji sprega kriminala i vlasti, gdje se korupcija sankcioni\u0161e, gdje prosje\u010dna plata mora biti koliko i potro\u0161a\u010dka korpa (a ne tri puta manja), gdje gra\u0111ani slobodno mogu da izraze svoju volju na izborima &#8211; onda pru\u017eite ruku onima koji dijele te iste vrijednosti u Crnoj Gori i na Balkanu.<\/p>\n<p>Onda la\u017enim mirotvorcima i kreatorima fiktivne stabilnosti po\u0161aljite jasne poruke da u porodicu evropskih naroda nijesu dobrodo\u0161li.<\/p>\n<p>Uz svjesnost da na Zapadni Balkan gledate kao na trusno podru\u010dje, razumijemo potrebu za nagla\u0161enom stabilno\u0161\u0107u. Jasno nam je i da \u017eelite da osna\u017eite na\u0161 ekonomski rast, ali takvom strategijom gubimo ono \u0161to je sr\u017e na\u0161e misije, a to je demokratija. Vi rje\u0161avate probleme kratkoro\u010dno, ali nam na du\u017ee staze ostavljate rupe koje ni generacije ispred nas ne\u0107e biti u stanju da isprave.<\/p>\n<p>Nama je kona\u010dno potrebna demokratija!<\/p>\n<p>A kako da mi mali u\u010dimo vas velike?<\/p>\n<p>Vi ste Gete. Vi ste Faust. Ne nasijedajte na na\u0161eg Mefista!<\/p>\n<p>Jer on bi :<\/p>\n<p>\u201cIz ovih stopa \u0111avolu bih se predao, samo kad i sam \u0111avo ne bih bio.\u201d<\/p>\n<p>Uvijek postoji alternativa lo\u0161em.<\/p>\n<p>U\u010dinite to, ako ne zbog nas koji \u010dekamo da nas primite u evropski zagrljaj, onda zbog evropskih gra\u0111ana kojima balkanizacija Evrope nije u interesu.<\/p>\n<p>U Crnoj Gori se od po\u010detka februara organizuju gra\u0111anski protesti, upravo zbog nezadovoljstva gra\u0111ana uzrokovanog 30 godina dugom vladavinom \u0110ukanovi\u0107a i partije na \u010dijem je \u010delu.<\/p>\n<p>Na hiljade gra\u0111ana je mjesecima na ulicama Podgorice zbog izbijanja afere &#8220;koverta&#8221; &#8211; samo jedne od mnogih koje potresaju Crnu Goru.<\/p>\n","protected":false},"excerpt":{"rendered":"<p>Pokret #oduprise je uputio danas njema\u010dkoj kancelarki Angeli Merkel pismo zbog jo\u0161 jednog u nizu sastanaka zemalja Zapadnog Balkana u Berlinu na kojem, kao &#8220;faktor stabilnosti i mira&#8221;, u\u010destvuje i predsjednik Crne Gore Milo \u0110ukanovi\u0107. Po\u0161tovana kancelarko Merkel, danas \u0107ete se sresti i \u201erazmijeniti mi\u0161ljenje\u201c sa tvrdim Balkancima. Nimalo lak posao, jer \u0107ete se rukovati [&hellip;]<\/p>\n","protected":false},"author":1,"featured_media":265186,"comment_status":"open","ping_status":"closed","sticky":false,"template":"","format":"standard","meta":{"_seopress_robots_primary_cat":"","_seopress_titles_title":"","_seopress_titles_desc":"","_seopress_robots_index":"","_et_pb_use_builder":"","_et_pb_old_content":"","_et_gb_content_width":"","inline_featured_image":false,"footnotes":""},"categories":[14,12],"tags":[],"class_list":["post-265185","post","type-post","status-publish","format-standard","has-post-thumbnail","hentry","category-vijesti","category-prica-dana"],"_links":{"self":[{"href":"https:\/\/www.pcnen.com\/portal\/wp-json\/wp\/v2\/posts\/265185","targetHints":{"allow":["GET"]}}],"collection":[{"href":"https:\/\/www.pcnen.com\/portal\/wp-json\/wp\/v2\/posts"}],"about":[{"href":"https:\/\/www.pcnen.com\/portal\/wp-json\/wp\/v2\/types\/post"}],"author":[{"embeddable":true,"href":"https:\/\/www.pcnen.com\/portal\/wp-json\/wp\/v2\/users\/1"}],"replies":[{"embeddable":true,"href":"https:\/\/www.pcnen.com\/portal\/wp-json\/wp\/v2\/comments?post=265185"}],"version-history":[{"count":0,"href":"https:\/\/www.pcnen.com\/portal\/wp-json\/wp\/v2\/posts\/265185\/revisions"}],"wp:featuredmedia":[{"embeddable":true,"href":"https:\/\/www.pcnen.com\/portal\/wp-json\/wp\/v2\/media\/265186"}],"wp:attachment":[{"href":"https:\/\/www.pcnen.com\/portal\/wp-json\/wp\/v2\/media?parent=265185"}],"wp:term":[{"taxonomy":"category","embeddable":true,"href":"https:\/\/www.pcnen.com\/portal\/wp-json\/wp\/v2\/categories?post=265185"},{"taxonomy":"post_tag","embeddable":true,"href":"https:\/\/www.pcnen.com\/portal\/wp-json\/wp\/v2\/tags?post=265185"}],"curies":[{"name":"wp","href":"https:\/\/api.w.org\/{rel}","templated":true}]}}