{"id":265099,"date":"2019-04-27T13:29:00","date_gmt":"2019-04-27T11:29:00","guid":{"rendered":"http:\/\/www.pcnen.com\/portal\/?p=265099"},"modified":"2019-04-27T14:19:27","modified_gmt":"2019-04-27T12:19:27","slug":"dusko-knezevic-formira-partiju","status":"publish","type":"post","link":"https:\/\/www.pcnen.com\/portal\/2019\/04\/27\/dusko-knezevic-formira-partiju\/","title":{"rendered":"Du\u0161ko Kne\u017eevi\u0107 formira partiju"},"content":{"rendered":"<p><img loading=\"lazy\" decoding=\"async\" src=\"http:\/\/www.pcnen.com\/portal\/wp-content\/uploads\/2019\/02\/knezevic.jpg\" alt=\"\" width=\"350\" height=\"248\" class=\"alignright size-full wp-image-261231\" \/>Odbjegli biznismen i vlasnik Atlas grupe Du\u0161ko Kne\u017eevi\u0107 je najavio da \u0107e formirati politi\u010dku partiju koja \u0107e se zvati Evropski pokret slobode (EPS).<\/p>\n<p>On je, kako prenosi Dan, najavio da \u0107e to biti ozbiljan evropski pokret.<\/p>\n<p>Kne\u017eevi\u0107, za kojim je Interpol na zahtjev Crne Gore raspisao potjernicu, saop\u0161tio je na Instagramu da je <a href=\"http:\/\/www.pcnen.com\/portal\/2019\/04\/18\/od-knezevica-nista-novo-na-vecerasnjem-protestu\/\">nedavni miting ispred<\/a> Vrhovnog dr\u017eavnog tu\u017eila\u0161tva u Podgorici pokazao snagu pokreta i da je cilj na dohvat ruke.<\/p>\n<p>Tvrdi i da je pokret Do slobode pokazao da njegov tim ima snage i kapaciteta da dovede do promjena u Crnoj Gori. <\/p>\n","protected":false},"excerpt":{"rendered":"<p>Odbjegli biznismen i vlasnik Atlas grupe Du\u0161ko Kne\u017eevi\u0107 je najavio da \u0107e formirati politi\u010dku partiju koja \u0107e se zvati Evropski pokret slobode (EPS). On je, kako prenosi Dan, najavio da \u0107e to biti ozbiljan evropski pokret. Kne\u017eevi\u0107, za kojim je Interpol na zahtjev Crne Gore raspisao potjernicu, saop\u0161tio je na Instagramu da je nedavni miting [&hellip;]<\/p>\n","protected":false},"author":1,"featured_media":0,"comment_status":"open","ping_status":"closed","sticky":false,"template":"","format":"standard","meta":{"_seopress_robots_primary_cat":"","_seopress_titles_title":"","_seopress_titles_desc":"","_seopress_robots_index":"","_et_pb_use_builder":"","_et_pb_old_content":"","_et_gb_content_width":"","inline_featured_image":false,"footnotes":""},"categories":[14,12],"tags":[],"class_list":["post-265099","post","type-post","status-publish","format-standard","hentry","category-vijesti","category-prica-dana"],"_links":{"self":[{"href":"https:\/\/www.pcnen.com\/portal\/wp-json\/wp\/v2\/posts\/265099","targetHints":{"allow":["GET"]}}],"collection":[{"href":"https:\/\/www.pcnen.com\/portal\/wp-json\/wp\/v2\/posts"}],"about":[{"href":"https:\/\/www.pcnen.com\/portal\/wp-json\/wp\/v2\/types\/post"}],"author":[{"embeddable":true,"href":"https:\/\/www.pcnen.com\/portal\/wp-json\/wp\/v2\/users\/1"}],"replies":[{"embeddable":true,"href":"https:\/\/www.pcnen.com\/portal\/wp-json\/wp\/v2\/comments?post=265099"}],"version-history":[{"count":0,"href":"https:\/\/www.pcnen.com\/portal\/wp-json\/wp\/v2\/posts\/265099\/revisions"}],"wp:attachment":[{"href":"https:\/\/www.pcnen.com\/portal\/wp-json\/wp\/v2\/media?parent=265099"}],"wp:term":[{"taxonomy":"category","embeddable":true,"href":"https:\/\/www.pcnen.com\/portal\/wp-json\/wp\/v2\/categories?post=265099"},{"taxonomy":"post_tag","embeddable":true,"href":"https:\/\/www.pcnen.com\/portal\/wp-json\/wp\/v2\/tags?post=265099"}],"curies":[{"name":"wp","href":"https:\/\/api.w.org\/{rel}","templated":true}]}}