{"id":265071,"date":"2019-04-26T20:34:39","date_gmt":"2019-04-26T18:34:39","guid":{"rendered":"http:\/\/www.pcnen.com\/portal\/?p=265071"},"modified":"2019-04-26T22:50:25","modified_gmt":"2019-04-26T20:50:25","slug":"za-sedam-dana-ukradena-tri-zvona-sa-barskih-crkava","status":"publish","type":"post","link":"https:\/\/www.pcnen.com\/portal\/2019\/04\/26\/za-sedam-dana-ukradena-tri-zvona-sa-barskih-crkava\/","title":{"rendered":"Za sedam dana ukradena tri zvona sa barskih crkava"},"content":{"rendered":"<p><img loading=\"lazy\" decoding=\"async\" src=\"http:\/\/www.pcnen.com\/portal\/wp-content\/uploads\/2012\/11\/Crkveno-zvono.jpg\" alt=\"\" width=\"310\" height=\"186\" class=\"alignright size-full wp-image-99765\" \/>Radnici Kulturnog centra prijavili su danas barskoj policiji da je u Starom gradu ukradeno zvono sa crkve Svetog Jovana, \u0161to je tre\u0107e zvono sa zvonika crkvi u Starom Baru, koje je ukradeno u poslednjih sedam dana.<\/p>\n<p>Prva kra\u0111a prijavljena je u nedjelju, 21. aprila, kada je primije\u0107eno da nema zvona na crkvi Sveti Vi\u0107 u Gretvi, a ubrzo je prijavljena i kra\u0111a bronzanog zvona sa crkve Svete Nedjelje u Rapu, prenose Bar info. <\/p>\n","protected":false},"excerpt":{"rendered":"<p>Radnici Kulturnog centra prijavili su danas barskoj policiji da je u Starom gradu ukradeno zvono sa crkve Svetog Jovana, \u0161to je tre\u0107e zvono sa zvonika crkvi u Starom Baru, koje je ukradeno u poslednjih sedam dana. Prva kra\u0111a prijavljena je u nedjelju, 21. aprila, kada je primije\u0107eno da nema zvona na crkvi Sveti Vi\u0107 u [&hellip;]<\/p>\n","protected":false},"author":1,"featured_media":0,"comment_status":"open","ping_status":"closed","sticky":false,"template":"","format":"standard","meta":{"_seopress_robots_primary_cat":"","_seopress_titles_title":"","_seopress_titles_desc":"","_seopress_robots_index":"","_et_pb_use_builder":"","_et_pb_old_content":"","_et_gb_content_width":"","inline_featured_image":false,"footnotes":""},"categories":[14,12],"tags":[],"class_list":["post-265071","post","type-post","status-publish","format-standard","hentry","category-vijesti","category-prica-dana"],"_links":{"self":[{"href":"https:\/\/www.pcnen.com\/portal\/wp-json\/wp\/v2\/posts\/265071","targetHints":{"allow":["GET"]}}],"collection":[{"href":"https:\/\/www.pcnen.com\/portal\/wp-json\/wp\/v2\/posts"}],"about":[{"href":"https:\/\/www.pcnen.com\/portal\/wp-json\/wp\/v2\/types\/post"}],"author":[{"embeddable":true,"href":"https:\/\/www.pcnen.com\/portal\/wp-json\/wp\/v2\/users\/1"}],"replies":[{"embeddable":true,"href":"https:\/\/www.pcnen.com\/portal\/wp-json\/wp\/v2\/comments?post=265071"}],"version-history":[{"count":0,"href":"https:\/\/www.pcnen.com\/portal\/wp-json\/wp\/v2\/posts\/265071\/revisions"}],"wp:attachment":[{"href":"https:\/\/www.pcnen.com\/portal\/wp-json\/wp\/v2\/media?parent=265071"}],"wp:term":[{"taxonomy":"category","embeddable":true,"href":"https:\/\/www.pcnen.com\/portal\/wp-json\/wp\/v2\/categories?post=265071"},{"taxonomy":"post_tag","embeddable":true,"href":"https:\/\/www.pcnen.com\/portal\/wp-json\/wp\/v2\/tags?post=265071"}],"curies":[{"name":"wp","href":"https:\/\/api.w.org\/{rel}","templated":true}]}}