{"id":265051,"date":"2019-04-26T18:31:56","date_gmt":"2019-04-26T16:31:56","guid":{"rendered":"http:\/\/www.pcnen.com\/portal\/?p=265051"},"modified":"2019-04-26T18:58:54","modified_gmt":"2019-04-26T16:58:54","slug":"uefa-kaznila-fs-cg","status":"publish","type":"post","link":"https:\/\/www.pcnen.com\/portal\/2019\/04\/26\/uefa-kaznila-fs-cg\/","title":{"rendered":"UEFA kaznila FS CG"},"content":{"rendered":"<p><img loading=\"lazy\" decoding=\"async\" src=\"http:\/\/www.pcnen.com\/portal\/wp-content\/uploads\/2016\/04\/uefa.jpg\" alt=\"\" width=\"250\" height=\"246\" class=\"alignright size-full wp-image-202522\" \/>Fudbalska reprezentacija Crne Gore ka\u017enjena je jednom utakmicom igranja pred praznim tribinama, zbog <a href=\"http:\/\/www.pcnen.com\/portal\/2019\/03\/26\/fscg-ako-se-dokaze-da-je-bilo-rasizma-neodgovorni-ce-biti-kaznjeni\/\">rasisti\u010dkih incidenata <\/a>na me\u010du sa Engleskom, odlu\u010dila je Disciplinska komisija UEFA.<\/p>\n<p>Crna Gora \u0107e na praznom stadionu do\u010dekati selekciju Kosova, 7. juna u kvalifikacijama za EURO 2020., prenosi RSE.<\/p>\n<p>Fudbalski savez Crne Gore ka\u017enjen je sa 20.000 eura zbog kori\u0161\u0107enja pirotehni\u010dkih sredstava, ubacivanja predmeta u teren i blokiranih prolaza na tribinama Gradskog stadiona u Podgorici na utakmici sa Engleskom.<\/p>\n<p>Iz UEFA je bilo najavljeno da \u0107e odluku o mjerama protiv FSCG donijeti 16. maja, ali je Disciplinska komisija zasijedala ranije.<\/p>\n","protected":false},"excerpt":{"rendered":"<p>Fudbalska reprezentacija Crne Gore ka\u017enjena je jednom utakmicom igranja pred praznim tribinama, zbog rasisti\u010dkih incidenata na me\u010du sa Engleskom, odlu\u010dila je Disciplinska komisija UEFA. Crna Gora \u0107e na praznom stadionu do\u010dekati selekciju Kosova, 7. juna u kvalifikacijama za EURO 2020., prenosi RSE. Fudbalski savez Crne Gore ka\u017enjen je sa 20.000 eura zbog kori\u0161\u0107enja pirotehni\u010dkih sredstava, [&hellip;]<\/p>\n","protected":false},"author":1,"featured_media":0,"comment_status":"open","ping_status":"closed","sticky":false,"template":"","format":"standard","meta":{"_seopress_robots_primary_cat":"","_seopress_titles_title":"","_seopress_titles_desc":"","_seopress_robots_index":"","_et_pb_use_builder":"","_et_pb_old_content":"","_et_gb_content_width":"","inline_featured_image":false,"footnotes":""},"categories":[14,12],"tags":[],"class_list":["post-265051","post","type-post","status-publish","format-standard","hentry","category-vijesti","category-prica-dana"],"_links":{"self":[{"href":"https:\/\/www.pcnen.com\/portal\/wp-json\/wp\/v2\/posts\/265051","targetHints":{"allow":["GET"]}}],"collection":[{"href":"https:\/\/www.pcnen.com\/portal\/wp-json\/wp\/v2\/posts"}],"about":[{"href":"https:\/\/www.pcnen.com\/portal\/wp-json\/wp\/v2\/types\/post"}],"author":[{"embeddable":true,"href":"https:\/\/www.pcnen.com\/portal\/wp-json\/wp\/v2\/users\/1"}],"replies":[{"embeddable":true,"href":"https:\/\/www.pcnen.com\/portal\/wp-json\/wp\/v2\/comments?post=265051"}],"version-history":[{"count":0,"href":"https:\/\/www.pcnen.com\/portal\/wp-json\/wp\/v2\/posts\/265051\/revisions"}],"wp:attachment":[{"href":"https:\/\/www.pcnen.com\/portal\/wp-json\/wp\/v2\/media?parent=265051"}],"wp:term":[{"taxonomy":"category","embeddable":true,"href":"https:\/\/www.pcnen.com\/portal\/wp-json\/wp\/v2\/categories?post=265051"},{"taxonomy":"post_tag","embeddable":true,"href":"https:\/\/www.pcnen.com\/portal\/wp-json\/wp\/v2\/tags?post=265051"}],"curies":[{"name":"wp","href":"https:\/\/api.w.org\/{rel}","templated":true}]}}