{"id":265004,"date":"2019-04-25T16:25:21","date_gmt":"2019-04-25T14:25:21","guid":{"rendered":"http:\/\/www.pcnen.com\/portal\/?p=265004"},"modified":"2020-03-01T16:53:27","modified_gmt":"2020-03-01T15:53:27","slug":"sudkadija-nezakonito-smijenjena-sa-mjesta-generalne-direktorice-rtcg","status":"publish","type":"post","link":"https:\/\/www.pcnen.com\/portal\/2019\/04\/25\/sudkadija-nezakonito-smijenjena-sa-mjesta-generalne-direktorice-rtcg\/","title":{"rendered":"Sud:Kadija nezakonito smijenjena sa mjesta generalne direktorice RTCG"},"content":{"rendered":"<p>Kadija je u tu\u017ebi tra\u017eila poni\u0161tenje odluke o razrje\u0161enju, jer smatra da je to nezakonito ura\u0111eno, a \u0161to je potvr\u0111eno presudom sudije Biljane Krgovi\u0107.<\/p>\n<p><a href=\"http:\/\/www.pcnen.com\/portal\/2018\/06\/07\/eu-smjena-kadije-je-protiv-slobode-izrazavanja-i-slobode-medija\/\">Kadija je smijenjena u junu p<\/a>ro\u0161le godine tajnim glasanjem na sjednici Savjeta RTCG sedmog juna.<\/p>\n<p>Savjet Javnog servisa je kao jedan od osnovnih razloga za razrje\u0161enje Kadije naveo sporni ugovor koji je ta ku\u0107a potpisala sa nevladinom organizacijom Centar za gra\u0111ansko obrazovanje jer je, kako su jednoglasno zaklju\u010dili, ovaj projekat mogao da ugrozi nezavisnost te medijske ku\u0107e.<\/p>\n<p>Smjenu je inicirao \u010dlan Savjeta Mimo Dra\u0161kovi\u0107, koji je kao formalan razlog za to naveo ugovor o poslovnoj saradnji RTCG i Centra za gra\u0111ansko obrazovanje (CGO) u vezi sa projektom \u201d\u010cinjenice su va\u017ene\u201d, za koji smatra da je nanio \u0161tetu Javnom servisu.<\/p>\n<p>Pravni zastupnik biv\u0161e generalne direktorice Sini\u0161a Gazivoda, istakao je da je iz dokaza sasvim jasno da je navodni sporni ugovor samo formalni razlog za njenu smjenu, a da je \u010dak i u izvje\u0161taju Stejt dipartmenta o stanju ljudskih prava eskplicitno navedeno da je \u201crazrje\u0161ena iz politi\u010dkih razloga\u201d.<\/p>\n<p>Kadija je tre\u0107i generalni direktor koji je smijenjen odlukom Savjeta i koji je zbog toga podnio tu\u017ebu.<\/p>\n<p>U slu\u010daju tu\u017ebi njenih prethodnika Branka Voji\u010di\u0107a i Rada Vojvodi\u0107a donijete su odluke da su nezakonito smijenjeni.<\/p>\n<p>Voji\u010di\u0107u je Javni servis trebao da isplati oko 80.000 eura.<\/p>\n","protected":false},"excerpt":{"rendered":"<p>Savjet Radio-televizije Crne Gore (RTCG) nezakonito je smijenio generalnu direktoricu Andrijanu Kadiju, odluka je Osnovnog suda u Podgorici, saznaju Vijesti nezvani\u010dno.<\/p>\n","protected":false},"author":1,"featured_media":247909,"comment_status":"open","ping_status":"closed","sticky":false,"template":"","format":"standard","meta":{"_seopress_robots_primary_cat":"","_seopress_titles_title":"","_seopress_titles_desc":"","_seopress_robots_index":"","_et_pb_use_builder":"","_et_pb_old_content":"","_et_gb_content_width":"","inline_featured_image":false,"footnotes":""},"categories":[14,12],"tags":[],"class_list":["post-265004","post","type-post","status-publish","format-standard","has-post-thumbnail","hentry","category-vijesti","category-prica-dana"],"_links":{"self":[{"href":"https:\/\/www.pcnen.com\/portal\/wp-json\/wp\/v2\/posts\/265004","targetHints":{"allow":["GET"]}}],"collection":[{"href":"https:\/\/www.pcnen.com\/portal\/wp-json\/wp\/v2\/posts"}],"about":[{"href":"https:\/\/www.pcnen.com\/portal\/wp-json\/wp\/v2\/types\/post"}],"author":[{"embeddable":true,"href":"https:\/\/www.pcnen.com\/portal\/wp-json\/wp\/v2\/users\/1"}],"replies":[{"embeddable":true,"href":"https:\/\/www.pcnen.com\/portal\/wp-json\/wp\/v2\/comments?post=265004"}],"version-history":[{"count":1,"href":"https:\/\/www.pcnen.com\/portal\/wp-json\/wp\/v2\/posts\/265004\/revisions"}],"predecessor-version":[{"id":285303,"href":"https:\/\/www.pcnen.com\/portal\/wp-json\/wp\/v2\/posts\/265004\/revisions\/285303"}],"wp:featuredmedia":[{"embeddable":true,"href":"https:\/\/www.pcnen.com\/portal\/wp-json\/wp\/v2\/media\/247909"}],"wp:attachment":[{"href":"https:\/\/www.pcnen.com\/portal\/wp-json\/wp\/v2\/media?parent=265004"}],"wp:term":[{"taxonomy":"category","embeddable":true,"href":"https:\/\/www.pcnen.com\/portal\/wp-json\/wp\/v2\/categories?post=265004"},{"taxonomy":"post_tag","embeddable":true,"href":"https:\/\/www.pcnen.com\/portal\/wp-json\/wp\/v2\/tags?post=265004"}],"curies":[{"name":"wp","href":"https:\/\/api.w.org\/{rel}","templated":true}]}}