{"id":264997,"date":"2019-04-25T11:39:46","date_gmt":"2019-04-25T09:39:46","guid":{"rendered":"http:\/\/www.pcnen.com\/portal\/?p=264997"},"modified":"2019-04-25T17:11:40","modified_gmt":"2019-04-25T15:11:40","slug":"za-vaskrs-i-1-maj-pet-neradnih-dana","status":"publish","type":"post","link":"https:\/\/www.pcnen.com\/portal\/2019\/04\/25\/za-vaskrs-i-1-maj-pet-neradnih-dana\/","title":{"rendered":"Za Vaskrs i 1. maj pet neradnih dana"},"content":{"rendered":"<p><img loading=\"lazy\" decoding=\"async\" src=\"http:\/\/www.pcnen.com\/portal\/wp-content\/uploads\/2013\/04\/neradni-dani.jpg\" alt=\"\" width=\"350\" height=\"335\" class=\"alignright size-full wp-image-112484\" \/>Povodom Vaskrsa, za zaposlene pravoslavne vjeroispovjesti, neradni dani bi\u0107e 26, 28 i 29. aprila, a povodom Praznika rada 1. i 2. maj, saop\u0161teno je iz Ministarstva rada i socijalnog staranja.<\/p>\n<p>Zakona o svetkovanju vjerskih praznika, vjernici pravoslavne vjeroispovjesti imaju pravo na pla\u0107eno odsustvo za Veliki petak i Vaskrs &#8211; 26, 28 i 29. aprila.<\/p>\n<p>Na osnovu Zakona o dr\u017eavnim i drugim praznicima, Praznik rada se praznuje 1. i 2. maja. <\/p>\n<p>&#8220;Dr\u017eavni organi, organi lokalne samouprave, javne ustanove, javna preduze\u0107a i drugi subjekti koji obavljaju djelatnosti od javnog interesa du\u017eni su da u prazni\u010dne dane obezbijede vr\u0161enje poslova \u010dijim bi prekidom mogle nastupiti \u0161tetne posledice po gra\u0111ane ili dr\u017eavu&#8221;, navodi se u saop\u0161tenju<\/p>\n","protected":false},"excerpt":{"rendered":"<p>Povodom Vaskrsa, za zaposlene pravoslavne vjeroispovjesti, neradni dani bi\u0107e 26, 28 i 29. aprila, a povodom Praznika rada 1. i 2. maj, saop\u0161teno je iz Ministarstva rada i socijalnog staranja. Zakona o svetkovanju vjerskih praznika, vjernici pravoslavne vjeroispovjesti imaju pravo na pla\u0107eno odsustvo za Veliki petak i Vaskrs &#8211; 26, 28 i 29. aprila. Na [&hellip;]<\/p>\n","protected":false},"author":1,"featured_media":0,"comment_status":"open","ping_status":"closed","sticky":false,"template":"","format":"standard","meta":{"_seopress_robots_primary_cat":"","_seopress_titles_title":"","_seopress_titles_desc":"","_seopress_robots_index":"","_et_pb_use_builder":"","_et_pb_old_content":"","_et_gb_content_width":"","inline_featured_image":false,"footnotes":""},"categories":[14,12],"tags":[],"class_list":["post-264997","post","type-post","status-publish","format-standard","hentry","category-vijesti","category-prica-dana"],"_links":{"self":[{"href":"https:\/\/www.pcnen.com\/portal\/wp-json\/wp\/v2\/posts\/264997","targetHints":{"allow":["GET"]}}],"collection":[{"href":"https:\/\/www.pcnen.com\/portal\/wp-json\/wp\/v2\/posts"}],"about":[{"href":"https:\/\/www.pcnen.com\/portal\/wp-json\/wp\/v2\/types\/post"}],"author":[{"embeddable":true,"href":"https:\/\/www.pcnen.com\/portal\/wp-json\/wp\/v2\/users\/1"}],"replies":[{"embeddable":true,"href":"https:\/\/www.pcnen.com\/portal\/wp-json\/wp\/v2\/comments?post=264997"}],"version-history":[{"count":0,"href":"https:\/\/www.pcnen.com\/portal\/wp-json\/wp\/v2\/posts\/264997\/revisions"}],"wp:attachment":[{"href":"https:\/\/www.pcnen.com\/portal\/wp-json\/wp\/v2\/media?parent=264997"}],"wp:term":[{"taxonomy":"category","embeddable":true,"href":"https:\/\/www.pcnen.com\/portal\/wp-json\/wp\/v2\/categories?post=264997"},{"taxonomy":"post_tag","embeddable":true,"href":"https:\/\/www.pcnen.com\/portal\/wp-json\/wp\/v2\/tags?post=264997"}],"curies":[{"name":"wp","href":"https:\/\/api.w.org\/{rel}","templated":true}]}}