{"id":264969,"date":"2019-04-24T16:47:43","date_gmt":"2019-04-24T14:47:43","guid":{"rendered":"http:\/\/www.pcnen.com\/portal\/?p=264969"},"modified":"2019-04-24T17:04:38","modified_gmt":"2019-04-24T15:04:38","slug":"mandic-ako-krenu-da-nas-hapse-letjece-glave","status":"publish","type":"post","link":"https:\/\/www.pcnen.com\/portal\/2019\/04\/24\/mandic-ako-krenu-da-nas-hapse-letjece-glave\/","title":{"rendered":"Mandi\u0107: Ako krenu da nas hapse letje\u0107e glave"},"content":{"rendered":"<p><img loading=\"lazy\" decoding=\"async\" src=\"http:\/\/www.pcnen.com\/portal\/wp-content\/uploads\/2018\/03\/andrija-mandic-e1520007301169.jpg\" alt=\"\" width=\"300\" height=\"208\" class=\"alignright size-full wp-image-242479\" \/>Lider Demokratskog fronta Andrija Mandi\u0107, tokom premijerskog sata zaprijetio je da \u0107e, kako je rekao, letjeti glave ukoliko on, Mihailo \u010ca\u0111enovi\u0107 i Milan Kne\u017eevi\u0107 budu uhap\u0161eni nakon izricanja presude u slu\u010daju &#8216;dr\u017eavni udar&#8217;.<\/p>\n<p>&#8220;Prije smo spremni glavu da polo\u017eimo i nekome glavu da skinemo, nego \u0161to \u0107e nas neko odvesti u zatvor. I to Vam govorim da znate, jer vi donosti odluke&#8221;, poru\u010dio je Mandi\u0107 u Skup\u0161tini predsjedniku Vlade Du\u0161ku Markovi\u0107u.<\/p>\n<p>Markovi\u0107 mu je odgovorio da ukoliko neko namjerava da skida glave mora biti spreman na to, ali i onaj koji \u0107e da brani svoju glavu mora da se spremi.<\/p>\n<p>Markovi\u0107 je kazao da je politika DF-a obilje\u017eena politi\u010dkim neuspjesima i mr\u017enjom onih koji misle druga\u010dije, prenosi RTCG.<\/p>\n<p>&#8220;Ako smo do\u0161li, u 21. vijeku, da u politi\u010dkom dijalogu i neslaganju prijetimo kidanjem glava &#8211; onaj ko \u0107e da kida glave mora da se spremi za to, onaj koji \u0107e da brani svoju glavu, tako\u0111e je spreman za to&#8221;, poru\u010dio je Markovi\u0107.<\/p>\n","protected":false},"excerpt":{"rendered":"<p>Lider Demokratskog fronta Andrija Mandi\u0107, tokom premijerskog sata zaprijetio je da \u0107e, kako je rekao, letjeti glave ukoliko on, Mihailo \u010ca\u0111enovi\u0107 i Milan Kne\u017eevi\u0107 budu uhap\u0161eni nakon izricanja presude u slu\u010daju &#8216;dr\u017eavni udar&#8217;. &#8220;Prije smo spremni glavu da polo\u017eimo i nekome glavu da skinemo, nego \u0161to \u0107e nas neko odvesti u zatvor. I to Vam [&hellip;]<\/p>\n","protected":false},"author":1,"featured_media":0,"comment_status":"open","ping_status":"closed","sticky":false,"template":"","format":"standard","meta":{"_seopress_robots_primary_cat":"","_seopress_titles_title":"","_seopress_titles_desc":"","_seopress_robots_index":"","_et_pb_use_builder":"","_et_pb_old_content":"","_et_gb_content_width":"","inline_featured_image":false,"footnotes":""},"categories":[14,12],"tags":[],"class_list":["post-264969","post","type-post","status-publish","format-standard","hentry","category-vijesti","category-prica-dana"],"_links":{"self":[{"href":"https:\/\/www.pcnen.com\/portal\/wp-json\/wp\/v2\/posts\/264969","targetHints":{"allow":["GET"]}}],"collection":[{"href":"https:\/\/www.pcnen.com\/portal\/wp-json\/wp\/v2\/posts"}],"about":[{"href":"https:\/\/www.pcnen.com\/portal\/wp-json\/wp\/v2\/types\/post"}],"author":[{"embeddable":true,"href":"https:\/\/www.pcnen.com\/portal\/wp-json\/wp\/v2\/users\/1"}],"replies":[{"embeddable":true,"href":"https:\/\/www.pcnen.com\/portal\/wp-json\/wp\/v2\/comments?post=264969"}],"version-history":[{"count":0,"href":"https:\/\/www.pcnen.com\/portal\/wp-json\/wp\/v2\/posts\/264969\/revisions"}],"wp:attachment":[{"href":"https:\/\/www.pcnen.com\/portal\/wp-json\/wp\/v2\/media?parent=264969"}],"wp:term":[{"taxonomy":"category","embeddable":true,"href":"https:\/\/www.pcnen.com\/portal\/wp-json\/wp\/v2\/categories?post=264969"},{"taxonomy":"post_tag","embeddable":true,"href":"https:\/\/www.pcnen.com\/portal\/wp-json\/wp\/v2\/tags?post=264969"}],"curies":[{"name":"wp","href":"https:\/\/api.w.org\/{rel}","templated":true}]}}