{"id":264944,"date":"2019-04-24T10:38:33","date_gmt":"2019-04-24T08:38:33","guid":{"rendered":"http:\/\/www.pcnen.com\/portal\/?p=264944"},"modified":"2019-10-09T22:51:32","modified_gmt":"2019-10-09T20:51:32","slug":"cinjenice-su-vazne","status":"publish","type":"post","link":"https:\/\/www.pcnen.com\/portal\/2019\/04\/24\/cinjenice-su-vazne\/","title":{"rendered":"\u010cinjenice su va\u017ene"},"content":{"rendered":"<p>*Tri mjeseca traju gra\u0111anski protesti u Cnoj Gori, a stanje je redovno \u2013 ubje\u0111uju nas zvani\u010dnici.<\/p>\n<p>* Ta redovnost se, valjda, ogleda i u tome \u0161to su nam sve \u201einstitucije\u201c u ogradama i pod poja\u010danim mjerama obezbje\u0111enja i kada nema protesta. Po\u010dev od tu\u017eila\u0161tva, pa do zgrade Vlade, Predsjednika, Skup\u0161tine.<\/p>\n<p>*Zbog akcije \u201eKaravan\u201c koju je sproveo Organizacioni tim protesta, a u kojem smo za dva dana vikenda posjetili skoro sve gradove Crne Gore razgovaraju\u0107i sa gra\u0111anima, Uprava policije je podnijela sedam prekr\u0161ajnih prijava protiv organizatora, ne navode\u0107i im imena, jer skupovi nijesu bili prijavljeni. Nigdje nije bilo nikakvog incidenta, provokacije, makar i najmanjeg ekscesa.I razgovore sa gra\u0111anima na\u0161a policija, tu\u017eila\u0161tvo i sudstvo ho\u0107e da procesuira. Jer nijesu prijavljeni, a mi smo, jelte, pravna dr\u017eava.<\/p>\n<p>*Istovremeno sin Ministra policije Amar Nuhod\u017ei\u0107 na javnom skupu, me\u0111unarodnoj utakmici, vrije\u0111a i pljuje igra\u010de Crvene Zvezde, nao\u010digled policije i pet hiljada gledalaca, uz prisustvuo novinara, fotoreportera i kamera koje su sve to snimile. Na taj na\u010din ru\u0161i ugled dr\u017eave, remeti javni red i mir, ugro\u017eava bezbjednost igra\u010da i skupa&#8230; Ali nema pritvo\u0111enje i pritvora, krivi\u010dne prijave, ostavke njegovog oca. Nema \u010dak ni prekr\u0161ajne prijave za Amara. Jer je on tatin sin. A u na\u0161oj \u201epravnoj dr\u017eavi\u201c, zna se, zakoni ne va\u017ee za predsjednike, ministre, njihovu bra\u0107u, sestre, sinove, kumove&#8230; Samo za raju koju treba disciplinovati ako se bar imalo pobuni.<\/p>\n<p>*Od strane CGO sam dobio poziv za konferenciju pod nazivom \u201e\u010cinjenice su va\u017ene\u201c. Zbog toga \u0107u uzeti jedan slobodan dan na ra\u010dun neiskori\u0161\u0107enog dijela godi\u0161njeg odmora. Jer ,propu\u0161titi izlaganje na\u0161eg njaboljeg i najprofesionalnijeg novinara na navedenu temu, svakako je neumjesno. Gra\u0111ani su egzaltirani kada im novinari poput njega predo\u010davaju \u010dinjenice i \u017eive istine.<\/p>\n<p>*Na dva broda, jednom kod nas i jednom na Malti, otkrivino je i zaplijenjeno oko sto pedeset kilograma kokaina. Zna\u010di li to nov i hitan rebalans bud\u017eeta?<\/p>\n<p>*09. maja je presuda za tzv. dr\u017eavni udar. Ako optu\u017enica padne, Specijalni tu\u017eilac Katni\u0107 \u0107e podnijeti ostavku \u2013 bar je tako javno obe\u0107ao. U tom slu\u010daju, slobodan sam ga predlo\u017eiti vladi za novog Ministra prosvjete. Slavoljub Stijepovi\u0107 kao biv\u0161i ministar i Milivoje Katni\u0107 kao budu\u0107i, \u017eive su istine na\u0161eg stanja, prosvjete i obrazovanja. A Sanja Vlahovi\u0107 na\u0161e nauke i promovisanja me\u0111unarodnog ugleda dr\u017eave(sada je ambasador).<\/p>\n<p>*Da se na kraju opet vratim protestima. Pogledajte izjave \u010delnih ljudi iz opozicije, njihove objave i komentare na dru\u0161tvenim mre\u017eama, obratite pa\u017enju na komentare njihovih prepoznatih botova, osvrnite se kako i u kolikom broju svoje pristalice dovode na proteste i sve \u0107e vam biti jasno: ko od njih doista podr\u017eava proteste, a ko ne.<\/p>\n<p>Vidimo se poslije 01. maja, najvjerovatnije 07. maja \u00a0u 20.00 \u010dasova.<\/p>\n","protected":false},"excerpt":{"rendered":"<p>Pi\u0161e: Omer \u0160ARKI\u0106<\/p>\n","protected":false},"author":12,"featured_media":0,"comment_status":"open","ping_status":"closed","sticky":false,"template":"","format":"standard","meta":{"_seopress_robots_primary_cat":"","_seopress_titles_title":"","_seopress_titles_desc":"","_seopress_robots_index":"","_et_pb_use_builder":"","_et_pb_old_content":"","_et_gb_content_width":"","inline_featured_image":false,"footnotes":""},"categories":[17],"tags":[],"class_list":["post-264944","post","type-post","status-publish","format-standard","hentry","category-blogovi"],"_links":{"self":[{"href":"https:\/\/www.pcnen.com\/portal\/wp-json\/wp\/v2\/posts\/264944","targetHints":{"allow":["GET"]}}],"collection":[{"href":"https:\/\/www.pcnen.com\/portal\/wp-json\/wp\/v2\/posts"}],"about":[{"href":"https:\/\/www.pcnen.com\/portal\/wp-json\/wp\/v2\/types\/post"}],"author":[{"embeddable":true,"href":"https:\/\/www.pcnen.com\/portal\/wp-json\/wp\/v2\/users\/12"}],"replies":[{"embeddable":true,"href":"https:\/\/www.pcnen.com\/portal\/wp-json\/wp\/v2\/comments?post=264944"}],"version-history":[{"count":0,"href":"https:\/\/www.pcnen.com\/portal\/wp-json\/wp\/v2\/posts\/264944\/revisions"}],"wp:attachment":[{"href":"https:\/\/www.pcnen.com\/portal\/wp-json\/wp\/v2\/media?parent=264944"}],"wp:term":[{"taxonomy":"category","embeddable":true,"href":"https:\/\/www.pcnen.com\/portal\/wp-json\/wp\/v2\/categories?post=264944"},{"taxonomy":"post_tag","embeddable":true,"href":"https:\/\/www.pcnen.com\/portal\/wp-json\/wp\/v2\/tags?post=264944"}],"curies":[{"name":"wp","href":"https:\/\/api.w.org\/{rel}","templated":true}]}}