{"id":264910,"date":"2019-04-23T18:14:13","date_gmt":"2019-04-23T16:14:13","guid":{"rendered":"http:\/\/www.pcnen.com\/portal\/?p=264910"},"modified":"2019-04-23T18:14:13","modified_gmt":"2019-04-23T16:14:13","slug":"aerodromi-cg-ce-tuziti-ura","status":"publish","type":"post","link":"https:\/\/www.pcnen.com\/portal\/2019\/04\/23\/aerodromi-cg-ce-tuziti-ura\/","title":{"rendered":"Aerodromi CG \u0107e tu\u017eiti URA"},"content":{"rendered":"<p><img loading=\"lazy\" decoding=\"async\" src=\"http:\/\/www.pcnen.com\/portal\/wp-content\/uploads\/2017\/05\/aerodrom-tivat.jpg\" alt=\"\" width=\"300\" height=\"200\" class=\"alignright size-full wp-image-226920\" \/>Bezbjednost vazdu\u0161nog saobra\u0107aja na Aerodromu Tivat ni u jednom trenutku nije bila niti je sada ugro\u017eena, saop\u0161teno je iz Aerodroma Crne Gore kao reagovanje na navode GP URA, koji je objavio dokument u kojem se navodi da je pista na tivatskom aerodromu u jako lo\u0161em stanju, da je mogu\u0107e njeno pucanje, \u0161to za posljedicu mo\u017ee da ima i pucanje pneumatika i mogu\u0107e izlijetanje aviona.<\/p>\n<p>Kako je saop\u0161tio direktor ACG Danilo Orlandi\u0107, ovakav medijski i senzacionalisti\u010dki nastup vide kao poku\u0161aj kompromitacije dr\u017eave Crne Gore i ugro\u017eavanje njene rastu\u0107e ekonomije kao i poslovanja kompanije.<\/p>\n<p>&#8220;Zbog neistinith tvrdnji koje su iznesene, podnije\u0107emo krivi\u010dne prijave protiv aktera <a href=\"http:\/\/www.pcnen.com\/portal\/2019\/04\/23\/ura-upozorava-da-nam-se-ne-desi-i-avion-neprebola\/\">dana\u0161nje konferencije za medije&#8221;<\/a>, poru\u010dio je Orlandi\u0107.<\/p>\n","protected":false},"excerpt":{"rendered":"<p>Bezbjednost vazdu\u0161nog saobra\u0107aja na Aerodromu Tivat ni u jednom trenutku nije bila niti je sada ugro\u017eena, saop\u0161teno je iz Aerodroma Crne Gore kao reagovanje na navode GP URA, koji je objavio dokument u kojem se navodi da je pista na tivatskom aerodromu u jako lo\u0161em stanju, da je mogu\u0107e njeno pucanje, \u0161to za posljedicu mo\u017ee [&hellip;]<\/p>\n","protected":false},"author":1,"featured_media":0,"comment_status":"open","ping_status":"closed","sticky":false,"template":"","format":"standard","meta":{"_seopress_robots_primary_cat":"","_seopress_titles_title":"","_seopress_titles_desc":"","_seopress_robots_index":"","_et_pb_use_builder":"","_et_pb_old_content":"","_et_gb_content_width":"","inline_featured_image":false,"footnotes":""},"categories":[14],"tags":[],"class_list":["post-264910","post","type-post","status-publish","format-standard","hentry","category-vijesti"],"_links":{"self":[{"href":"https:\/\/www.pcnen.com\/portal\/wp-json\/wp\/v2\/posts\/264910","targetHints":{"allow":["GET"]}}],"collection":[{"href":"https:\/\/www.pcnen.com\/portal\/wp-json\/wp\/v2\/posts"}],"about":[{"href":"https:\/\/www.pcnen.com\/portal\/wp-json\/wp\/v2\/types\/post"}],"author":[{"embeddable":true,"href":"https:\/\/www.pcnen.com\/portal\/wp-json\/wp\/v2\/users\/1"}],"replies":[{"embeddable":true,"href":"https:\/\/www.pcnen.com\/portal\/wp-json\/wp\/v2\/comments?post=264910"}],"version-history":[{"count":0,"href":"https:\/\/www.pcnen.com\/portal\/wp-json\/wp\/v2\/posts\/264910\/revisions"}],"wp:attachment":[{"href":"https:\/\/www.pcnen.com\/portal\/wp-json\/wp\/v2\/media?parent=264910"}],"wp:term":[{"taxonomy":"category","embeddable":true,"href":"https:\/\/www.pcnen.com\/portal\/wp-json\/wp\/v2\/categories?post=264910"},{"taxonomy":"post_tag","embeddable":true,"href":"https:\/\/www.pcnen.com\/portal\/wp-json\/wp\/v2\/tags?post=264910"}],"curies":[{"name":"wp","href":"https:\/\/api.w.org\/{rel}","templated":true}]}}