{"id":264895,"date":"2019-04-23T12:33:58","date_gmt":"2019-04-23T10:33:58","guid":{"rendered":"http:\/\/www.pcnen.com\/portal\/?p=264895"},"modified":"2019-04-23T12:42:47","modified_gmt":"2019-04-23T10:42:47","slug":"ura-upozorava-da-nam-se-ne-desi-i-avion-neprebola","status":"publish","type":"post","link":"https:\/\/www.pcnen.com\/portal\/2019\/04\/23\/ura-upozorava-da-nam-se-ne-desi-i-avion-neprebola\/","title":{"rendered":"URA: Da nam se ne desi i \u2018avion neprebola\u2019"},"content":{"rendered":"<p><img loading=\"lazy\" decoding=\"async\" class=\"alignright size-medium wp-image-226920\" src=\"http:\/\/www.pcnen.com\/portal\/wp-content\/uploads\/2017\/05\/aerodrom-tivat-300x200.jpg\" alt=\"\" width=\"300\" height=\"200\" \/>Opoziciona Ujedinjena reformska akcija (URA) je danas objelodanila od javnosti skrivani dokument Agencije za civilno vazduhoplovstvo (ACV) iz marta pro\u0161le godine u kome se navodi da je pista na tivatskom aerodromu u jako lo\u0161em stanju, da je u svakom momentu mogu\u0107e pucanje, \u0161to za posljedicu mo\u017ee da ima i pucanje pneumatika i mogu\u0107e izlijetanje aviona sa piste.<\/p>\n<p>\u201cProcureli dokument ACV svjedo\u010di o ugro\u017eenoj bezbjednosti kako doma\u0107ih tako i inostranih dr\u017eavljana koji putuju preko tivatske vazdu\u0161ne luke. U pitanju je dokument od 10 strana koji je sa\u010dinila ACV u martu 2018. godine i koji do danas bio sakriven od o\u010diju javnosti\u201d, kazao je Filip Ad\u017ei\u0107, potpredsjednik URA, na konferenciji za novinare.<\/p>\n<p>URA je zatra\u017eila odgovaraju\u0107u reakciju nadle\u017enih \u2013 ACV i JP Aerodromi Crne Gore, kako Crna Gora ne bi, poslije \u201cVoza neprebola\u201d dobila i \u201cAvion neprebola\u201d.<\/p>\n<p>Ovim upozorenjem se podsjetilo na \u017eeljezni\u010dku nesre\u0107u kod Bio\u010da, koja se desila januara 2006. Godine, i u kojoj je poginulo 47 osoba a vi\u0161e od 200 povrije\u0111eno.<\/p>\n","protected":false},"excerpt":{"rendered":"<p>Dokument ACV svjedo\u010di o ugro\u017eenoj bezbjednosti na tivatskom aerodromu<\/p>\n","protected":false},"author":1,"featured_media":0,"comment_status":"open","ping_status":"closed","sticky":false,"template":"","format":"standard","meta":{"_seopress_robots_primary_cat":"","_seopress_titles_title":"","_seopress_titles_desc":"","_seopress_robots_index":"","_et_pb_use_builder":"","_et_pb_old_content":"","_et_gb_content_width":"","inline_featured_image":false,"footnotes":""},"categories":[14,12],"tags":[],"class_list":["post-264895","post","type-post","status-publish","format-standard","hentry","category-vijesti","category-prica-dana"],"_links":{"self":[{"href":"https:\/\/www.pcnen.com\/portal\/wp-json\/wp\/v2\/posts\/264895","targetHints":{"allow":["GET"]}}],"collection":[{"href":"https:\/\/www.pcnen.com\/portal\/wp-json\/wp\/v2\/posts"}],"about":[{"href":"https:\/\/www.pcnen.com\/portal\/wp-json\/wp\/v2\/types\/post"}],"author":[{"embeddable":true,"href":"https:\/\/www.pcnen.com\/portal\/wp-json\/wp\/v2\/users\/1"}],"replies":[{"embeddable":true,"href":"https:\/\/www.pcnen.com\/portal\/wp-json\/wp\/v2\/comments?post=264895"}],"version-history":[{"count":0,"href":"https:\/\/www.pcnen.com\/portal\/wp-json\/wp\/v2\/posts\/264895\/revisions"}],"wp:attachment":[{"href":"https:\/\/www.pcnen.com\/portal\/wp-json\/wp\/v2\/media?parent=264895"}],"wp:term":[{"taxonomy":"category","embeddable":true,"href":"https:\/\/www.pcnen.com\/portal\/wp-json\/wp\/v2\/categories?post=264895"},{"taxonomy":"post_tag","embeddable":true,"href":"https:\/\/www.pcnen.com\/portal\/wp-json\/wp\/v2\/tags?post=264895"}],"curies":[{"name":"wp","href":"https:\/\/api.w.org\/{rel}","templated":true}]}}