{"id":264882,"date":"2019-04-23T12:33:07","date_gmt":"2019-04-23T10:33:07","guid":{"rendered":"http:\/\/www.pcnen.com\/portal\/?p=264882"},"modified":"2019-04-23T12:45:55","modified_gmt":"2019-04-23T10:45:55","slug":"df-preuzima-odgovornost-za-akcije-9-maja","status":"publish","type":"post","link":"https:\/\/www.pcnen.com\/portal\/2019\/04\/23\/df-preuzima-odgovornost-za-akcije-9-maja\/","title":{"rendered":"DF preuzima odgovornost za akcije 9. maja"},"content":{"rendered":"<p><img loading=\"lazy\" decoding=\"async\" class=\"alignright size-medium wp-image-209354\" src=\"http:\/\/www.pcnen.com\/portal\/wp-content\/uploads\/2016\/07\/megafon-300x205.jpg\" alt=\"\" width=\"300\" height=\"205\" \/>Protest gra\u0111anskog pokreta &#8220;Odupri se&#8221;, koji je najavljen za 9. maj, ne\u0107e biti\u00a0 odr\u017ean, ali \u0107e toga dana Demokratski front preuzeti odgovornost za organizaciju aktivnosti povodom najavljenih presuda njihovim liderima Andriji Mandi\u0107u i Milanu Kne\u017eevi\u0107u, optu\u017eenih za poku\u0161aj nasilne smjene vlasti 16. oktobra 2016. godine, na dan parlamntarnih izbora.<\/p>\n<p>Demokratski front je obavijestio javnost da je na ju\u010dera\u0161njem sastanku lidera parlamentarne opozicije i pokreta &#8221;Odupri se&#8221; dogovoreno da se otka\u017ee mirni protest koji je bio zakazan za 9. maj, jer \u0107e toga dana &#8220;DF imati svoje odvojene aktivnosti, sa jasnim, konkretnim i preciznim akcijama u slu\u010daju politi\u010dki motivisane presude liderima DF-a&#8221;.<\/p>\n<p>&#8220;Te aktivnosti \u0107e se zna\u010dajno razlikovati od protesta koje je organizovala organizacija &#8221;Odupri se&#8221;, a odgovornost za taj dan \u0107e u potpunosti preuzeti DF i njegovi lideri&#8221;, poru\u010dio je DF.<\/p>\n<p>Odluku o novom protestu u organizaciji &#8216;Odupri se&#8217; donije\u0107e Organizacioni tim ovog neformalnog pokreta gra\u0111ana.<\/p>\n<p>&nbsp;<\/p>\n","protected":false},"excerpt":{"rendered":"<p>Najavljene  konkretne i precizne akcije u slu\u010daju &#8220;politi\u010dki motivisane presude liderima DF-a&#8221;<\/p>\n","protected":false},"author":1,"featured_media":0,"comment_status":"open","ping_status":"closed","sticky":false,"template":"","format":"standard","meta":{"_seopress_robots_primary_cat":"","_seopress_titles_title":"","_seopress_titles_desc":"","_seopress_robots_index":"","_et_pb_use_builder":"","_et_pb_old_content":"","_et_gb_content_width":"","inline_featured_image":false,"footnotes":""},"categories":[14,12],"tags":[],"class_list":["post-264882","post","type-post","status-publish","format-standard","hentry","category-vijesti","category-prica-dana"],"_links":{"self":[{"href":"https:\/\/www.pcnen.com\/portal\/wp-json\/wp\/v2\/posts\/264882","targetHints":{"allow":["GET"]}}],"collection":[{"href":"https:\/\/www.pcnen.com\/portal\/wp-json\/wp\/v2\/posts"}],"about":[{"href":"https:\/\/www.pcnen.com\/portal\/wp-json\/wp\/v2\/types\/post"}],"author":[{"embeddable":true,"href":"https:\/\/www.pcnen.com\/portal\/wp-json\/wp\/v2\/users\/1"}],"replies":[{"embeddable":true,"href":"https:\/\/www.pcnen.com\/portal\/wp-json\/wp\/v2\/comments?post=264882"}],"version-history":[{"count":0,"href":"https:\/\/www.pcnen.com\/portal\/wp-json\/wp\/v2\/posts\/264882\/revisions"}],"wp:attachment":[{"href":"https:\/\/www.pcnen.com\/portal\/wp-json\/wp\/v2\/media?parent=264882"}],"wp:term":[{"taxonomy":"category","embeddable":true,"href":"https:\/\/www.pcnen.com\/portal\/wp-json\/wp\/v2\/categories?post=264882"},{"taxonomy":"post_tag","embeddable":true,"href":"https:\/\/www.pcnen.com\/portal\/wp-json\/wp\/v2\/tags?post=264882"}],"curies":[{"name":"wp","href":"https:\/\/api.w.org\/{rel}","templated":true}]}}