{"id":264871,"date":"2019-04-22T22:32:45","date_gmt":"2019-04-22T20:32:45","guid":{"rendered":"http:\/\/www.pcnen.com\/portal\/?p=264871"},"modified":"2019-04-22T22:32:45","modified_gmt":"2019-04-22T20:32:45","slug":"dosta-suvote-tokom-dana","status":"publish","type":"post","link":"https:\/\/www.pcnen.com\/portal\/2019\/04\/22\/dosta-suvote-tokom-dana\/","title":{"rendered":"Dosta suvote tokom dana"},"content":{"rendered":"<p><img loading=\"lazy\" decoding=\"async\" class=\"alignright size-medium wp-image-94785\" src=\"http:\/\/www.pcnen.com\/portal\/wp-content\/uploads\/2012\/09\/potok_priroda-300x194.jpg\" alt=\"\" width=\"300\" height=\"194\" \/>Promjenljivo i nestabilno bi\u0107e u Crnoj Gori u utorak; povremeno \u0107e padati ki\u0161a ili \u0107e plju\u0161tati uz grmljavinsku pratnju.<\/p>\n<p>Tokom dana \u0107e biti dosta suvote, uz sun\u010dane intervale, ali \u0107e krajem dana ili tokom no\u0107i biti vi\u0161e uslova za padavine.<\/p>\n<p>Vjetar s juga bi\u0107e povremeno umjeren do jak.<\/p>\n<p>Jutarnja temperatura vazduha kreta\u0107e se u rasponu od 3 do 14, a najvi\u0161a dnevna od 10 do 23 stepena.<\/p>\n<p>U Podgorici \u0107e biti promjenljivo i nestabilno; tokom dana bi\u0107e dosta suvog vremena, a nave\u010de \u0107e padavine biti intenzivnije. Ju\u017eni vjetar bi\u0107e umjeren. Jutarnja temperatura vazduha bi\u0107e oko 13, a najvi\u0161a dnevna oko 22 stepena.<\/p>\n<p><a href=\"http:\/\/www.meteo.co.me\/misc.php?text=121&amp;sektor=1&amp;grad=ULC\">Prognoza za ostale gradove.<\/a><\/p>\n","protected":false},"excerpt":{"rendered":"<p>U Podgorici \u0107e nave\u010de padavine biti intenzivnije<\/p>\n","protected":false},"author":1,"featured_media":0,"comment_status":"open","ping_status":"closed","sticky":false,"template":"","format":"standard","meta":{"_seopress_robots_primary_cat":"","_seopress_titles_title":"","_seopress_titles_desc":"","_seopress_robots_index":"","_et_pb_use_builder":"","_et_pb_old_content":"","_et_gb_content_width":"","inline_featured_image":false,"footnotes":""},"categories":[14,12],"tags":[],"class_list":["post-264871","post","type-post","status-publish","format-standard","hentry","category-vijesti","category-prica-dana"],"_links":{"self":[{"href":"https:\/\/www.pcnen.com\/portal\/wp-json\/wp\/v2\/posts\/264871","targetHints":{"allow":["GET"]}}],"collection":[{"href":"https:\/\/www.pcnen.com\/portal\/wp-json\/wp\/v2\/posts"}],"about":[{"href":"https:\/\/www.pcnen.com\/portal\/wp-json\/wp\/v2\/types\/post"}],"author":[{"embeddable":true,"href":"https:\/\/www.pcnen.com\/portal\/wp-json\/wp\/v2\/users\/1"}],"replies":[{"embeddable":true,"href":"https:\/\/www.pcnen.com\/portal\/wp-json\/wp\/v2\/comments?post=264871"}],"version-history":[{"count":0,"href":"https:\/\/www.pcnen.com\/portal\/wp-json\/wp\/v2\/posts\/264871\/revisions"}],"wp:attachment":[{"href":"https:\/\/www.pcnen.com\/portal\/wp-json\/wp\/v2\/media?parent=264871"}],"wp:term":[{"taxonomy":"category","embeddable":true,"href":"https:\/\/www.pcnen.com\/portal\/wp-json\/wp\/v2\/categories?post=264871"},{"taxonomy":"post_tag","embeddable":true,"href":"https:\/\/www.pcnen.com\/portal\/wp-json\/wp\/v2\/tags?post=264871"}],"curies":[{"name":"wp","href":"https:\/\/api.w.org\/{rel}","templated":true}]}}