{"id":264846,"date":"2019-04-22T12:44:00","date_gmt":"2019-04-22T10:44:00","guid":{"rendered":"http:\/\/www.pcnen.com\/portal\/?p=264846"},"modified":"2019-04-22T12:44:00","modified_gmt":"2019-04-22T10:44:00","slug":"dva-pripadnika-vcg-uhapsena-zbog-sverca-droge","status":"publish","type":"post","link":"https:\/\/www.pcnen.com\/portal\/2019\/04\/22\/dva-pripadnika-vcg-uhapsena-zbog-sverca-droge\/","title":{"rendered":"Dva pripadnika VCG uhap\u0161ena zbog \u0161verca droge"},"content":{"rendered":"<p><img loading=\"lazy\" decoding=\"async\" src=\"http:\/\/www.pcnen.com\/portal\/wp-content\/uploads\/2013\/07\/Jadran.jpg\" alt=\"\" width=\"274\" height=\"184\" class=\"alignright size-full wp-image-118035\" \/>Zbog <a href=\"http:\/\/www.pcnen.com\/portal\/2019\/04\/19\/droga-na-skolskom-brodu-jadran\/\">\u0161verca kokaina na jedrenjaku <\/a>&#8220;Jadran&#8221; u Tivtu krivi\u010dni postupak je pokrenut protiv pet osoba, dok su tri osobe uhap\u0161ene, saop\u0161tio je specijalni tu\u017eilac Sa\u0161a \u010ca\u0111enovi\u0107. <\/p>\n<p>Od pet osumnji\u010denih dvojica su pripadnici Vojske Crne Gore, i obojica su uhap\u0161eni. <\/p>\n<p>Uhap\u0161eni su pripadnici Vojske Milo\u0161 Kuli\u0107 i<a href=\"http:\/\/www.pcnen.com\/portal\/2019\/04\/20\/uhapsen-stariji-vodnik-zbog-kokaina-na-brodu-jadran\/\"> Du\u0161ko Radenovi\u0107<\/a> i Tiv\u0107anin Radomir Osmaji\u0107. <\/p>\n<p>Policija traga za V.R. i D.R.<\/p>\n<p>\u010ca\u0111enovi\u0107 je rekao da postoji osnovanja sumnja da je kokain trebalo da bude transportovan u Tursku.<\/p>\n<p>Sa drogom u Tursku je, kako je naveo \u010ca\u0111enovi\u0107, trebalo da bude, transportovano i oru\u017eje.<\/p>\n<p>Glavni specijalni tu\u017eilac Milivoje Katni\u0107 naveo je da su prve informacije o \u0161vercu droge dobili od vojno-obavje\u0161tajnih struktura i ANB-a.<\/p>\n<p>Naveo je da je rije\u010d je o kriminalnoj organizaciji koja djeluje na me\u0111unarodnom nivou.<\/p>\n","protected":false},"excerpt":{"rendered":"<p>Zbog \u0161verca kokaina na jedrenjaku &#8220;Jadran&#8221; u Tivtu krivi\u010dni postupak je pokrenut protiv pet osoba, dok su tri osobe uhap\u0161ene, saop\u0161tio je specijalni tu\u017eilac Sa\u0161a \u010ca\u0111enovi\u0107. Od pet osumnji\u010denih dvojica su pripadnici Vojske Crne Gore, i obojica su uhap\u0161eni. Uhap\u0161eni su pripadnici Vojske Milo\u0161 Kuli\u0107 i Du\u0161ko Radenovi\u0107 i Tiv\u0107anin Radomir Osmaji\u0107. Policija traga za [&hellip;]<\/p>\n","protected":false},"author":1,"featured_media":0,"comment_status":"open","ping_status":"closed","sticky":false,"template":"","format":"standard","meta":{"_seopress_robots_primary_cat":"","_seopress_titles_title":"","_seopress_titles_desc":"","_seopress_robots_index":"","_et_pb_use_builder":"","_et_pb_old_content":"","_et_gb_content_width":"","inline_featured_image":false,"footnotes":""},"categories":[14,12],"tags":[],"class_list":["post-264846","post","type-post","status-publish","format-standard","hentry","category-vijesti","category-prica-dana"],"_links":{"self":[{"href":"https:\/\/www.pcnen.com\/portal\/wp-json\/wp\/v2\/posts\/264846","targetHints":{"allow":["GET"]}}],"collection":[{"href":"https:\/\/www.pcnen.com\/portal\/wp-json\/wp\/v2\/posts"}],"about":[{"href":"https:\/\/www.pcnen.com\/portal\/wp-json\/wp\/v2\/types\/post"}],"author":[{"embeddable":true,"href":"https:\/\/www.pcnen.com\/portal\/wp-json\/wp\/v2\/users\/1"}],"replies":[{"embeddable":true,"href":"https:\/\/www.pcnen.com\/portal\/wp-json\/wp\/v2\/comments?post=264846"}],"version-history":[{"count":0,"href":"https:\/\/www.pcnen.com\/portal\/wp-json\/wp\/v2\/posts\/264846\/revisions"}],"wp:attachment":[{"href":"https:\/\/www.pcnen.com\/portal\/wp-json\/wp\/v2\/media?parent=264846"}],"wp:term":[{"taxonomy":"category","embeddable":true,"href":"https:\/\/www.pcnen.com\/portal\/wp-json\/wp\/v2\/categories?post=264846"},{"taxonomy":"post_tag","embeddable":true,"href":"https:\/\/www.pcnen.com\/portal\/wp-json\/wp\/v2\/tags?post=264846"}],"curies":[{"name":"wp","href":"https:\/\/api.w.org\/{rel}","templated":true}]}}